{"id":1165,"date":"2024-11-14T16:28:14","date_gmt":"2024-11-14T15:28:14","guid":{"rendered":"https:\/\/cmtn-scandinavie.fr\/?p=1165"},"modified":"2024-11-14T16:33:14","modified_gmt":"2024-11-14T15:33:14","slug":"agnes-buen-garnas","status":"publish","type":"post","link":"https:\/\/cmtn-scandinavie.fr\/index.php\/2024\/11\/14\/agnes-buen-garnas\/","title":{"rendered":"Agnes Buen Garn\u00e5s"},"content":{"rendered":"\n<p>Triste nouvelle: Agnes Buen Garn\u00e5s n&#8217;est plus de ce monde, elle est d\u00e9c\u00e9d\u00e9e le 12 novembre 2024 \u00e0 l&#8217;age de 78 ans. C&#8217;\u00e9tait une chanteuse embl\u00e9matique de la musique traditionnelle norv\u00e9gienne surtout dans les <a href=\"https:\/\/cmtn-scandinavie.fr\/index.php\/2020\/04\/10\/ballades-norvegiennes\/\" target=\"_blank\" rel=\"noreferrer noopener\">ballades<\/a>. Elle est n\u00e9e dans une famille de musiciens.<\/p>\n\n\n\n<p>Elle a enregistr\u00e9 20 albums. Elle \u00e9tait aussi enseignante.<\/p>\n\n\n\n<p><\/p>\n\n\n\n<figure class=\"wp-block-image size-full is-resized\"><img loading=\"lazy\" decoding=\"async\" width=\"322\" height=\"406\" src=\"https:\/\/cmtn-scandinavie.fr\/wp-content\/uploads\/2024\/11\/image.png\" alt=\"\" class=\"wp-image-1166\" style=\"width:277px;height:auto\" srcset=\"https:\/\/cmtn-scandinavie.fr\/wp-content\/uploads\/2024\/11\/image.png 322w, https:\/\/cmtn-scandinavie.fr\/wp-content\/uploads\/2024\/11\/image-238x300.png 238w\" sizes=\"auto, (max-width: 322px) 100vw, 322px\" \/><\/figure>\n\n\n\n<p>Elle est connue pour sa tr\u00e8s belle interpr\u00e9tation du po\u00e8me \u00e9pique le Draumkvedet.<\/p>\n\n\n\n<p>Draumkvedet est la ballade la plus c\u00e9l\u00e8bre de Norv\u00e8ge. C\u2019est un po\u00e8me visionnaire de style ballade. Cette ballade nous donne une s\u00e9rie de visions \/ visions du royaume des morts d\u2019un homme nomm\u00e9 Olav qui a v\u00e9cu dans un sommeil transe, de la veille de No\u00ebl au treizi\u00e8me jour de No\u00ebl, soit du 24 d\u00e9cembre au 6 janvier. Pendant ces 13 jours, son \u00e2me a temporairement quitt\u00e9 son corps et err\u00e9 dans les limbes du monde dans lesquelles nous sommes n\u00e9s, la \u00abmaison natale\u00bb, et dans l\u2019au-del\u00e0, l \u2018\u00abannheim\u00bb ou \u00abaurom home\u00bb. Ici, il a acquis un aper\u00e7u du sort des personnes apr\u00e8s la mort . Le \u201ctreizi\u00e8me jour\u201d, l\u2019\u00e2me a de nouveau \u00e9lu domicile dans le corps. Le m\u00eame jour, il a communiqu\u00e9 ses visions de r\u00eave \u00e0 une veuve \u00e0 l&#8217;\u00e9glise  qui a ainsi appris ce qui l\u2019attend derri\u00e8re la fronti\u00e8re de la mort.<\/p>\n\n\n\n<figure class=\"wp-block-embed is-type-video is-provider-youtube wp-block-embed-youtube wp-embed-aspect-4-3 wp-has-aspect-ratio\"><div class=\"wp-block-embed__wrapper\">\n<iframe loading=\"lazy\" title=\"Agnes Buen Garn\u00e5s - Draumkvedet (Medieval Ballad from Norway)\" width=\"640\" height=\"480\" src=\"https:\/\/www.youtube.com\/embed\/2uUOd03biNY?feature=oembed\" frameborder=\"0\" allow=\"accelerometer; autoplay; clipboard-write; encrypted-media; gyroscope; picture-in-picture; web-share\" referrerpolicy=\"strict-origin-when-cross-origin\" allowfullscreen><\/iframe>\n<\/div><\/figure>\n\n\n\n<p>Elle a aussi collabor\u00e9 avec Jan Garbarek et Mari Boine.<\/p>\n\n\n\n<figure class=\"wp-block-image size-full\"><img loading=\"lazy\" decoding=\"async\" width=\"293\" height=\"165\" src=\"https:\/\/cmtn-scandinavie.fr\/wp-content\/uploads\/2024\/11\/image-2.png\" alt=\"\" class=\"wp-image-1176\"\/><\/figure>\n\n\n\n<p><\/p>\n\n\n\n<figure class=\"wp-block-embed is-type-video is-provider-youtube wp-block-embed-youtube wp-embed-aspect-16-9 wp-has-aspect-ratio\"><div class=\"wp-block-embed__wrapper\">\n<iframe loading=\"lazy\" title=\"Agnes Buen Garn\u00e5s \/ Jan Garbarek - Margjit og Targjei Risvollo\" width=\"640\" height=\"360\" src=\"https:\/\/www.youtube.com\/embed\/qx9j7s8NMMQ?feature=oembed\" frameborder=\"0\" allow=\"accelerometer; autoplay; clipboard-write; encrypted-media; gyroscope; picture-in-picture; web-share\" referrerpolicy=\"strict-origin-when-cross-origin\" allowfullscreen><\/iframe>\n<\/div><\/figure>\n\n\n\n<p>Toutes nos condol\u00e9ances \u00e0 la famille et amis.<\/p>\n\n\n\n<p>Discographie:<\/p>\n\n\n\n<ul class=\"wp-block-list\">\n<li><em>Dei spelar og syng<\/em> med familien Buen (<a href=\"https:\/\/www.middelaldermusikk.no\/wiki\/Polygram\" class=\"broken_link\">Polygram<\/a>, 1975)<\/li>\n\n\n\n<li><em>N\u00e5r klokkune gjev dur<\/em> med Knut Buen (<a href=\"https:\/\/www.middelaldermusikk.no\/wiki\/Kirkelig_Kulturverksted\" class=\"broken_link\">Kirkelig Kulturverksted<\/a>, 1976\/2002)<\/li>\n\n\n\n<li><em>Nordafj\u00f8lls<\/em> (1983)<\/li>\n\n\n\n<li><em>Draumkvedet<\/em> (<a href=\"https:\/\/www.middelaldermusikk.no\/wiki\/Kirkelig_Kulturverksted\" class=\"broken_link\">Kirkelig Kulturverksted<\/a>, 1984) som ga <a href=\"https:\/\/www.middelaldermusikk.no\/wiki\/Spellemannprisen_1984\" class=\"broken_link\">Spellemannprisen 1984<\/a>. I samarbeid med <a href=\"https:\/\/www.middelaldermusikk.no\/wiki\/Harald_Gundhus\" class=\"broken_link\">Harald Gundhus<\/a>, <a href=\"https:\/\/www.middelaldermusikk.no\/wiki\/Knut_Buen\" class=\"broken_link\">Knut Buen<\/a>, <a href=\"https:\/\/www.middelaldermusikk.no\/wiki\/K%C3%A5re_Nordstoga\" class=\"broken_link\">K\u00e5re Nordstoga<\/a> og <a href=\"https:\/\/www.middelaldermusikk.no\/w\/index.php?title=Warren_Carlstr%C3%B8m&amp;action=edit&amp;redlink=1\" class=\"broken_link\">Warren Carlstr\u00f8m<\/a><\/li>\n\n\n\n<li><em>P\u00e5 gamle tufter<\/em> (Buen Kulturverkstad, 1985)<\/li>\n\n\n\n<li><em>Jul med rupesekken<\/em> (Buen Kulturverkstad, 1985)<\/li>\n\n\n\n<li><em>Stem p\u00e5 v\u00e5re understrenger<\/em> (Buen Kulturverkstad, 1988)<\/li>\n\n\n\n<li><em><a href=\"https:\/\/www.middelaldermusikk.no\/wiki\/Rosensfole\" class=\"broken_link\">Rosensfole<\/a><\/em> (<a href=\"https:\/\/www.middelaldermusikk.no\/wiki\/Kirkelig_Kulturverksted\" class=\"broken_link\">Kirkelig Kulturverksted<\/a>, 1989) med <a href=\"https:\/\/www.middelaldermusikk.no\/wiki\/Jan_Garbarek\" class=\"broken_link\">Jan Garbarek<\/a><\/li>\n\n\n\n<li><em>Tusseliten og trippeliti<\/em> tekst og notehefte (Buen Kulturverkstad, 1990)<\/li>\n\n\n\n<li><em>Attersyn<\/em> (Buen Kulturverkstad, 1995)<\/li>\n\n\n\n<li><em>Stev og sl\u00e5tt<\/em> (Buen Kulturverkstad, 1996)<\/li>\n\n\n\n<li><em>Langt inn i hugheimen<\/em> (Buen Kulturverkstad, 1996)<\/li>\n\n\n\n<li><em>Dei syng! \u2013 ballader p\u00e5 vandring<\/em> prosjekt 1994-97 (CD, 1997) med <a href=\"https:\/\/www.middelaldermusikk.no\/wiki\/Anne_Marit_Jacobsen\" class=\"broken_link\">Anne Marit Jacobsen<\/a>, <a href=\"https:\/\/www.middelaldermusikk.no\/wiki\/Sinikka_Langeland\" class=\"broken_link\">Sinikka Langeland<\/a>, <a href=\"https:\/\/www.middelaldermusikk.no\/w\/index.php?title=Halvor_H%C3%A5kanes&amp;action=edit&amp;redlink=1\" class=\"broken_link\">Halvor H\u00e5kanes<\/a> og <a href=\"https:\/\/www.middelaldermusikk.no\/wiki\/Eli_Storbekken\" class=\"broken_link\">Eli Storbekken<\/a><\/li>\n\n\n\n<li><em>Ljos og skugge<\/em> (Buen Kulturverkstad, 1998)<\/li>\n\n\n\n<li><em>Soltreet<\/em> (Buen Kulturverkstad, 2002)<\/li>\n\n\n\n<li><em>Han rider den m\u00f8rke natt<\/em> tekster av <a href=\"https:\/\/www.middelaldermusikk.no\/wiki\/Magnus_Brostrup_Landstad\" class=\"broken_link\">Landstad<\/a> (<a href=\"https:\/\/www.middelaldermusikk.no\/wiki\/Via_Music\" class=\"broken_link\">Via Music<\/a>, 2002) med bidrag fra <a href=\"https:\/\/www.middelaldermusikk.no\/wiki\/Marilyn_Mazur\" class=\"broken_link\">Marilyn Mazur<\/a> perkusjon, <a href=\"https:\/\/www.middelaldermusikk.no\/wiki\/Sigbj%C3%B8rn_Apeland\" class=\"broken_link\">Sigbj\u00f8rn Apeland<\/a> orgel og <a href=\"https:\/\/www.middelaldermusikk.no\/wiki\/Per_Anders_Buen_Garn%C3%A5s\" class=\"broken_link\">Per Anders Buen Garn\u00e5s<\/a> fiolin.<sup><a href=\"https:\/\/www.middelaldermusikk.no\/home\/artikkel\/17#cite_note-5\" class=\"broken_link\">[5]<\/a><\/sup><\/li>\n\n\n\n<li><em>Lilja b\u00e6re blomster i enge: folkeminneoppskrifter fr\u00e5 Telemark i 1840-50-\u00e5ra \/ Olea Cr\u00f8ger<\/em>\u00a0; utgjevne av <a href=\"https:\/\/www.middelaldermusikk.no\/wiki\/Brynjulf_Alver\" class=\"broken_link\">Brynjulf Alver<\/a>, <a href=\"https:\/\/www.middelaldermusikk.no\/wiki\/Reimund_Kvideland\" class=\"broken_link\">Reimund Kvideland<\/a> og <a href=\"https:\/\/www.middelaldermusikk.no\/w\/index.php?title=Astrid_Nora_Ressem&amp;action=edit&amp;redlink=1\" class=\"broken_link\">Astrid Nora Ressem<\/a>. Bokkassett med 2 b\u00f8ker og en CD spilt inn av Agnes Buen Garn\u00e5s (vokal) og <a href=\"https:\/\/www.middelaldermusikk.no\/w\/index.php?title=G%C3%B8ril_Ramo_H%C3%A5ve&amp;action=edit&amp;redlink=1\" class=\"broken_link\">G\u00f8ril Ramo H\u00e5ve<\/a> (langeleik). Produsent <a href=\"https:\/\/www.middelaldermusikk.no\/wiki\/J%C3%B8run_B%C3%B8geberg\" class=\"broken_link\">J\u00f8run B\u00f8geberg<\/a>. <a href=\"https:\/\/www.middelaldermusikk.no\/wiki\/Norsk_Folkeminnelag\" class=\"broken_link\">Norsk Folkeminnelags<\/a> skrifter nr. 112. Oslo 2004. <a href=\"https:\/\/www.middelaldermusikk.no\/wiki\/Spesial:Bokkilder\/8203190154\" class=\"broken_link\">ISBN 82-03-19015-4<\/a>.<\/li>\n\n\n\n<li><em>Med blanke ark<\/em> med diverse artister (<a href=\"https:\/\/www.middelaldermusikk.no\/wiki\/Grappa_(forlag)\" class=\"broken_link\">Grappa (forlag)<\/a>, 2005)<\/li>\n<\/ul>\n","protected":false},"excerpt":{"rendered":"<p class=\"text-justify\">Triste nouvelle: Agnes Buen Garn\u00e5s n&#8217;est plus de ce monde, elle est d\u00e9c\u00e9d\u00e9e le 12 novembre 2024 \u00e0 l&#8217;age de 78 ans. [&hellip;]<\/p>\n","protected":false},"author":4,"featured_media":1166,"comment_status":"closed","ping_status":"open","sticky":false,"template":"","format":"standard","meta":{"footnotes":""},"categories":[26,9,6,19],"tags":[],"class_list":["post-1165","post","type-post","status-publish","format-standard","has-post-thumbnail","hentry","category-musiques-nordiques-en-europe","category-musiques-scandinaves","category-norvege","category-tradition-et-culture"],"_links":{"self":[{"href":"https:\/\/cmtn-scandinavie.fr\/index.php\/wp-json\/wp\/v2\/posts\/1165","targetHints":{"allow":["GET"]}}],"collection":[{"href":"https:\/\/cmtn-scandinavie.fr\/index.php\/wp-json\/wp\/v2\/posts"}],"about":[{"href":"https:\/\/cmtn-scandinavie.fr\/index.php\/wp-json\/wp\/v2\/types\/post"}],"author":[{"embeddable":true,"href":"https:\/\/cmtn-scandinavie.fr\/index.php\/wp-json\/wp\/v2\/users\/4"}],"replies":[{"embeddable":true,"href":"https:\/\/cmtn-scandinavie.fr\/index.php\/wp-json\/wp\/v2\/comments?post=1165"}],"version-history":[{"count":13,"href":"https:\/\/cmtn-scandinavie.fr\/index.php\/wp-json\/wp\/v2\/posts\/1165\/revisions"}],"predecessor-version":[{"id":1184,"href":"https:\/\/cmtn-scandinavie.fr\/index.php\/wp-json\/wp\/v2\/posts\/1165\/revisions\/1184"}],"wp:featuredmedia":[{"embeddable":true,"href":"https:\/\/cmtn-scandinavie.fr\/index.php\/wp-json\/wp\/v2\/media\/1166"}],"wp:attachment":[{"href":"https:\/\/cmtn-scandinavie.fr\/index.php\/wp-json\/wp\/v2\/media?parent=1165"}],"wp:term":[{"taxonomy":"category","embeddable":true,"href":"https:\/\/cmtn-scandinavie.fr\/index.php\/wp-json\/wp\/v2\/categories?post=1165"},{"taxonomy":"post_tag","embeddable":true,"href":"https:\/\/cmtn-scandinavie.fr\/index.php\/wp-json\/wp\/v2\/tags?post=1165"}],"curies":[{"name":"wp","href":"https:\/\/api.w.org\/{rel}","templated":true}]}}