{"id":142,"date":"2017-01-15T18:28:00","date_gmt":"2017-01-15T17:28:00","guid":{"rendered":"https:\/\/cmtn-scandinavie.fr\/index.php\/2017\/01\/15\/ecrivaine-selma-lagerlof\/"},"modified":"2024-01-23T22:04:44","modified_gmt":"2024-01-23T21:04:44","slug":"ecrivaine-selma-lagerlof","status":"publish","type":"post","link":"https:\/\/cmtn-scandinavie.fr\/index.php\/2017\/01\/15\/ecrivaine-selma-lagerlof\/","title":{"rendered":"Ecrivaine : Selma Lagerl\u00f6f"},"content":{"rendered":"<p><i>Tir\u00e9 du bulletin CMTN num\u00e9ro 71.<\/i><\/p>\n<table align=\"center\" cellpadding=\"0\" cellspacing=\"0\" style=\"margin-left: auto; margin-right: auto; text-align: center;\">\n<tbody>\n<tr>\n<td style=\"text-align: center;\"><a href=\"https:\/\/3.bp.blogspot.com\/-OgGOvggpFPI\/WHuwvgv46AI\/AAAAAAAANYs\/AgSklR5UP98WF0ntkk52IdF4UQpOm97CACLcB\/s1600\/Atelje_Jaeger_-_Selma_Lagerl%25C3%25B6f_1928.jpeg\" style=\"margin-left: auto; margin-right: auto;\"><img loading=\"lazy\" decoding=\"async\" border=\"0\" height=\"320\" src=\"https:\/\/3.bp.blogspot.com\/-OgGOvggpFPI\/WHuwvgv46AI\/AAAAAAAANYs\/AgSklR5UP98WF0ntkk52IdF4UQpOm97CACLcB\/s320\/Atelje_Jaeger_-_Selma_Lagerl%25C3%25B6f_1928.jpeg\" width=\"227\" \/><\/a><\/td>\n<\/tr>\n<tr>\n<td style=\"text-align: center;\">@wikipedia<\/td>\n<\/tr>\n<\/tbody>\n<\/table>\n<p>Selma Lagerl\u00f6f est n\u00e9e dans le V\u00e4rmland, en Su\u00e8de en 1858. <\/p>\n<p><iframe loading=\"lazy\" allowfullscreen=\"\" frameborder=\"0\" height=\"450\" src=\"https:\/\/www.google.com\/maps\/embed?pb=!1m18!1m12!1m3!1d5046114.654713225!2d6.9303399946224165!3d58.71483410492603!2m3!1f0!2f0!3f0!3m2!1i1024!2i768!4f13.1!3m3!1m2!1s0x4643127077d49d87%3A0x79eb650ba2435149!2zQ29tdMOpIGRlIFbDpHJtbGFuZCwgU3XDqGRl!5e0!3m2!1sfr!2sfr!4v1484501056978\" style=\"border: 0;\" width=\"600\"><\/iframe><\/p>\n<p>\nElle a \u00e9t\u00e9 \u00e9lev\u00e9e dans un milieu o\u00f9 les traditions orales occupaient une grande place et cela a influenc\u00e9 son \u00e9criture.<\/p>\n<p>\nElle a exerc\u00e9 le m\u00e9tier d&#8217;institutrice durant de nombreuses ann\u00e9es. <\/p>\n<p>\nSon oeuvre la plus c\u00e9l\u00e8bre: Le Merveilleux Voyage de Nils Holgersson lui fut command\u00e9e pour enseigner la g\u00e9ographie de la Su\u00e8de aux \u00e9coliers. <\/p>\n<p>Autres \u0153uvres :<\/p>\n<div><\/div>\n<div>&nbsp; &nbsp; &nbsp; .J\u00e9rusalem en D\u00e9lcarlie<\/div>\n<div>&nbsp; &nbsp; &nbsp; La l\u00e9gende de G\u00f6sta Berling ,voir la&nbsp;<a href=\"https:\/\/www.youtube.com\/watch?v=f2eppqPfveg&amp;feature=youtu.be\" target=\"_blank\" rel=\"noopener\">vid\u00e9o<\/a><\/div>\n<div>&nbsp; &nbsp; &nbsp; Le livre de No\u00ebl<\/div>\n<div>&nbsp; &nbsp; &nbsp; Des trolls et des hommes<\/div>\n<div>&nbsp; &nbsp; &nbsp; M\u00e5rbacka<\/div>\n<div>&nbsp; &nbsp; &nbsp; Mon journal d&#8217;enfant<\/div>\n<div>&nbsp; &nbsp; &nbsp; Le cocher<\/div>\n<div>&nbsp; &nbsp; &nbsp; Le banni<\/div>\n<div>\n<ul>\n<li><a href=\"https:\/\/asso-cmtn.blogspot.fr\/2016\/11\/livre-le-violon-du-fou-selma-lagerlof.html\" class=\"broken_link\">Le violon du fou<\/a><\/li>\n<\/ul>\n<p>Selma Lagerl\u00f6f a \u00e9t\u00e9 la premi\u00e8re femme \u00e0 recevoir le prix Nobel de litt\u00e9rature, en 1909, et la premi\u00e8re, en 1914, \u00e0 \u00eatre \u00e9lue \u00e0 l&#8217;Acad\u00e9mie su\u00e9doise.<\/p><\/div>\n<div>Elle est morte en 1940 \u00e0 M\u00f6rbacka<\/div>\n","protected":false},"excerpt":{"rendered":"<p class=\"text-justify\">Tir\u00e9 du bulletin CMTN num\u00e9ro 71. @wikipedia Selma Lagerl\u00f6f est n\u00e9e dans le V\u00e4rmland, en Su\u00e8de en 1858. Elle a \u00e9t\u00e9 \u00e9lev\u00e9e [&hellip;]<\/p>\n","protected":false},"author":1,"featured_media":808,"comment_status":"open","ping_status":"open","sticky":false,"template":"","format":"standard","meta":{"footnotes":""},"categories":[28,22,11],"tags":[],"class_list":["post-142","post","type-post","status-publish","format-standard","has-post-thumbnail","hentry","category-archives-bulletins","category-litterature","category-suede"],"_links":{"self":[{"href":"https:\/\/cmtn-scandinavie.fr\/index.php\/wp-json\/wp\/v2\/posts\/142","targetHints":{"allow":["GET"]}}],"collection":[{"href":"https:\/\/cmtn-scandinavie.fr\/index.php\/wp-json\/wp\/v2\/posts"}],"about":[{"href":"https:\/\/cmtn-scandinavie.fr\/index.php\/wp-json\/wp\/v2\/types\/post"}],"author":[{"embeddable":true,"href":"https:\/\/cmtn-scandinavie.fr\/index.php\/wp-json\/wp\/v2\/users\/1"}],"replies":[{"embeddable":true,"href":"https:\/\/cmtn-scandinavie.fr\/index.php\/wp-json\/wp\/v2\/comments?post=142"}],"version-history":[{"count":1,"href":"https:\/\/cmtn-scandinavie.fr\/index.php\/wp-json\/wp\/v2\/posts\/142\/revisions"}],"predecessor-version":[{"id":817,"href":"https:\/\/cmtn-scandinavie.fr\/index.php\/wp-json\/wp\/v2\/posts\/142\/revisions\/817"}],"wp:featuredmedia":[{"embeddable":true,"href":"https:\/\/cmtn-scandinavie.fr\/index.php\/wp-json\/wp\/v2\/media\/808"}],"wp:attachment":[{"href":"https:\/\/cmtn-scandinavie.fr\/index.php\/wp-json\/wp\/v2\/media?parent=142"}],"wp:term":[{"taxonomy":"category","embeddable":true,"href":"https:\/\/cmtn-scandinavie.fr\/index.php\/wp-json\/wp\/v2\/categories?post=142"},{"taxonomy":"post_tag","embeddable":true,"href":"https:\/\/cmtn-scandinavie.fr\/index.php\/wp-json\/wp\/v2\/tags?post=142"}],"curies":[{"name":"wp","href":"https:\/\/api.w.org\/{rel}","templated":true}]}}