{"id":199,"date":"2016-07-03T22:15:00","date_gmt":"2016-07-03T20:15:00","guid":{"rendered":"https:\/\/cmtn-scandinavie.fr\/index.php\/2016\/07\/03\/danse-suedoise-beret-bertilsdotter-jens-holmstrom-et-elin-jonsson\/"},"modified":"2016-07-03T22:15:00","modified_gmt":"2016-07-03T20:15:00","slug":"danse-suedoise-beret-bertilsdotter-jens-holmstrom-et-elin-jonsson","status":"publish","type":"post","link":"https:\/\/cmtn-scandinavie.fr\/index.php\/2016\/07\/03\/danse-suedoise-beret-bertilsdotter-jens-holmstrom-et-elin-jonsson\/","title":{"rendered":"Danse su\u00e9doise : Beret Bertilsdotter, Jens Holmstr\u00f6m et Elin Jonsson"},"content":{"rendered":"<p>Beret nous apportera les danses d\u2019Offerdal, son village natal situ\u00e9 dans la r\u00e9gion de F\u00f6llinge au Nord de la Su\u00e8de. Elle h\u00e9rite ces danses de son professeur Ernst Grip et les transcrit dans<br \/>\nles ann\u00e9es 1 995. Son partenaire Jens d\u00e9couvre les danses tradionnelles en 2003 et gagne en 2008 la m\u00e9daille d\u2019argent (stort silver) comme danseur.<\/p>\n<div style=\"clear: both; text-align: center;\">\n<a href=\"https:\/\/4.bp.blogspot.com\/-u8A3lFI_V_0\/V3mAKJVTVLI\/AAAAAAAANCU\/QCJWMD74g0gMzKC6iHTK2tvoSjYoRtLdQCLcB\/s1600\/Beret%2BJens.JPG\" style=\"margin-left: 1em; margin-right: 1em;\"><img loading=\"lazy\" decoding=\"async\" border=\"0\" height=\"347\" src=\"https:\/\/4.bp.blogspot.com\/-u8A3lFI_V_0\/V3mAKJVTVLI\/AAAAAAAANCU\/QCJWMD74g0gMzKC6iHTK2tvoSjYoRtLdQCLcB\/s400\/Beret%2BJens.JPG\" width=\"400\" \/><\/a><\/div>\n<div style=\"clear: both; text-align: center;\">\n<a href=\"https:\/\/2.bp.blogspot.com\/-vUP2FQDjVTQ\/V3l_g2obYaI\/AAAAAAAANCM\/62bHNOkPcY8RyZ3AoYNV1PZb3InG9ErkACLcB\/s1600\/Elin.jpg\" style=\"margin-left: 1em; margin-right: 1em;\"><br \/><\/a><\/div>\n<p>&nbsp;Elin Jonsson, violoneuse de Str\u00f6msund au Nord de F\u00f6llinge, est m\u00e9daill\u00e9e riksspelkvinna \u00e0 un tr\u00e8s jeune \u00e2ge pour son jeu des airs du J\u00e4mtland, du Nord et de l\u2019Ouest.<\/p>\n<div style=\"clear: both; text-align: center;\">\n<a href=\"https:\/\/1.bp.blogspot.com\/-d2d1W1stWRc\/V3l_cFDaDuI\/AAAAAAAANCI\/pQVcxx26tEsjhlls2yzaHmb8md0WHD_kACLcB\/s1600\/Elin%2B2.jpg\" style=\"margin-left: 1em; margin-right: 1em;\"><img loading=\"lazy\" decoding=\"async\" border=\"0\" height=\"275\" src=\"https:\/\/1.bp.blogspot.com\/-d2d1W1stWRc\/V3l_cFDaDuI\/AAAAAAAANCI\/pQVcxx26tEsjhlls2yzaHmb8md0WHD_kACLcB\/s400\/Elin%2B2.jpg\" width=\"400\" \/><\/a><\/div>\n<p>Vous apprendrez avec eux l\u2018\u00e5tabakspolska, la hambopolska, la rupolska, le norskleitjen et le hyfs.<\/p>\n","protected":false},"excerpt":{"rendered":"<p class=\"text-justify\">Beret nous apportera les danses d\u2019Offerdal, son village natal situ\u00e9 dans la r\u00e9gion de F\u00f6llinge au Nord de la Su\u00e8de. Elle h\u00e9rite [&hellip;]<\/p>\n","protected":false},"author":1,"featured_media":0,"comment_status":"open","ping_status":"open","sticky":false,"template":"","format":"standard","meta":{"footnotes":""},"categories":[13,11],"tags":[],"class_list":["post-199","post","type-post","status-publish","format-standard","hentry","category-danseurs-et-danseuses","category-suede"],"_links":{"self":[{"href":"https:\/\/cmtn-scandinavie.fr\/index.php\/wp-json\/wp\/v2\/posts\/199","targetHints":{"allow":["GET"]}}],"collection":[{"href":"https:\/\/cmtn-scandinavie.fr\/index.php\/wp-json\/wp\/v2\/posts"}],"about":[{"href":"https:\/\/cmtn-scandinavie.fr\/index.php\/wp-json\/wp\/v2\/types\/post"}],"author":[{"embeddable":true,"href":"https:\/\/cmtn-scandinavie.fr\/index.php\/wp-json\/wp\/v2\/users\/1"}],"replies":[{"embeddable":true,"href":"https:\/\/cmtn-scandinavie.fr\/index.php\/wp-json\/wp\/v2\/comments?post=199"}],"version-history":[{"count":0,"href":"https:\/\/cmtn-scandinavie.fr\/index.php\/wp-json\/wp\/v2\/posts\/199\/revisions"}],"wp:attachment":[{"href":"https:\/\/cmtn-scandinavie.fr\/index.php\/wp-json\/wp\/v2\/media?parent=199"}],"wp:term":[{"taxonomy":"category","embeddable":true,"href":"https:\/\/cmtn-scandinavie.fr\/index.php\/wp-json\/wp\/v2\/categories?post=199"},{"taxonomy":"post_tag","embeddable":true,"href":"https:\/\/cmtn-scandinavie.fr\/index.php\/wp-json\/wp\/v2\/tags?post=199"}],"curies":[{"name":"wp","href":"https:\/\/api.w.org\/{rel}","templated":true}]}}