{"id":200,"date":"2016-07-03T22:05:00","date_gmt":"2016-07-03T20:05:00","guid":{"rendered":"https:\/\/cmtn-scandinavie.fr\/index.php\/2016\/07\/03\/violon-suedois-lena-jonsson\/"},"modified":"2025-09-09T19:43:44","modified_gmt":"2025-09-09T17:43:44","slug":"violon-suedois-lena-jonsson","status":"publish","type":"post","link":"https:\/\/cmtn-scandinavie.fr\/index.php\/2016\/07\/03\/violon-suedois-lena-jonsson\/","title":{"rendered":"Violon su\u00e9dois : Lena Jonsson"},"content":{"rendered":"<div style=\"clear: both; text-align: center;\">\n<a href=\"https:\/\/4.bp.blogspot.com\/-tJA7b-oS_ko\/V3l7ZxCrRkI\/AAAAAAAANB8\/Hfucp49cfOEIw2uLtw1YR_HYxlPgJSRbACLcB\/s1600\/Lena%2BJonsson.jpg\" style=\"margin-left: 1em; margin-right: 1em;\"><img loading=\"lazy\" decoding=\"async\" border=\"0\" height=\"400\" src=\"https:\/\/4.bp.blogspot.com\/-tJA7b-oS_ko\/V3l7ZxCrRkI\/AAAAAAAANB8\/Hfucp49cfOEIw2uLtw1YR_HYxlPgJSRbACLcB\/s400\/Lena%2BJonsson.jpg\" width=\"285\" \/><\/a><\/div>\n<p><\/p>\n<div style=\"line-height: 115%; margin-bottom: 0.35cm; text-align: center;\">\n<span style=\"color: #00000a;\"><span style=\"text-decoration: none;\"><br \/>\n<\/span><\/span><a href=\"http:\/\/www.lenajonsson.com\/\"><span style=\"font-size: small;\"><span lang=\"fr-FR\">http:\/\/www.lenajonsson.com\/<\/span><\/span><\/a><\/div>\n<div style=\"line-height: 115%; margin-bottom: 0.35cm; text-align: center;\">\n<span style=\"font-size: small;\"><span lang=\"fr-FR\">Lena a grandi dans une famille de violoneux du H\u00e4lsingland. \u00c0 six ans elle commence<br \/>son voyage musical qui la m\u00e8ne \u00e0 l\u2019Acad\u00e9mie royale de musique \u00e0 Stockholm puis au<br \/>Berklee College of Music \u00e0 Boston. Actuellement, elle parcourt l\u2019Europe et les USA<br \/>en <a href=\"http:\/\/asso-cmtn.blogspot.fr\/2016\/07\/accordeon-diatonique-martin-coudroy.html\" target=\"_blank\" rel=\"noopener\">duo avec Martin Coudroy<\/a> ou avec Brittany Haas, ainsi qu\u2019avec ses groupes :<br \/>The Goodbye Girls, Skenet et Limbohofvet.<\/span><\/span><\/div>\n<div style=\"line-height: 115%; margin-bottom: 0.35cm; text-align: center;\"><span><span lang=\"fr-FR\" style=\"font-size: medium;\">Et Lena Jonsson trio avec<b> Erik Ronstr\u00f6m<\/b> \u00e0 la guitare et<b> Kristofer Sundstr\u00f6m<\/b> \u00e0 la basse.<\/span><\/span><\/div>\n<div style=\"line-height: 115%; margin-bottom: 0.35cm; text-align: center;\"><span><span lang=\"fr-FR\" style=\"font-size: medium;\">Erik Ronstr\u00f6m animera un atelier cordes pinc\u00e9es au stage d&#8217;hiver du CMTN en 2023!<\/span><\/span><\/div>\n<div style=\"line-height: 115%; margin-bottom: 0.35cm; text-align: center;\"><span style=\"font-size: small;\"><span lang=\"fr-FR\">Son dernier album avec ce trio a obtenu le Grammis en Su\u00e8de!<\/span><\/span><\/div>\n<div style=\"line-height: 115%; margin-bottom: 0.35cm; text-align: center;\"><span style=\"font-size: small;\"><span lang=\"fr-FR\"><br \/><\/span><\/span><\/div>\n<div style=\"line-height: 115%; margin-bottom: 0.35cm; text-align: center;\"><span><span lang=\"fr-FR\" style=\"font-size: large;\">Le duo <b>Jonsson Coudroy<\/b> sera au Chateau <a href=\"https:\/\/www.emade.org.uk\/\" target=\"_blank\" rel=\"noopener\">Kinnersley<\/a>&nbsp;en Angleterre&nbsp;<\/span><\/span><\/div>\n<div style=\"line-height: 115%; margin-bottom: 0.35cm; text-align: center;\"><span><span lang=\"fr-FR\" style=\"font-size: large;\">du 25 au 30 aout 2023!<\/span><\/span><\/div>\n<div style=\"line-height: 115%; margin-bottom: 0.35cm; text-align: center;\"><span><span lang=\"fr-FR\" style=\"font-size: large;\"><br \/><\/span><\/span><\/div>\n<div style=\"line-height: 115%; margin-bottom: 0.35cm; text-align: center;\"><span><span lang=\"fr-FR\"><span style=\"font-size: large;\">Lena Jonsson \u00e9tait aux&nbsp;<a href=\"https:\/\/www.ucps.fr\/programmation-musicalies\" target=\"_blank\" rel=\"noopener\">Musicalies<\/a>&nbsp;\u00e0 Pierrefitte-sur-Sauldre en Sologne&nbsp;<\/span><\/span><\/span><\/div>\n<div style=\"line-height: 115%; margin-bottom: 0.35cm; text-align: center;\"><span><span lang=\"fr-FR\"><span style=\"font-size: large;\">le samedi 30 avril 2022 !<\/span><\/span><\/span><\/div>\n<div style=\"line-height: 115%; margin-bottom: 0.35cm; text-align: center;\"><span style=\"font-size: small;\"><\/p>\n<div style=\"clear: both; text-align: center;\"><a href=\"https:\/\/blogger.googleusercontent.com\/img\/b\/R29vZ2xl\/AVvXsEhuoGi6RoeS0eAFPujik8e6zx1lWuL4faZpM6F6BZosUZKJ07uRtSZLv3KEz10fiNZrAgD6gGUslS2blDrwzRTFjHl0kE7iCWWjrLCtv1x-2jyimoeAbx_T0EV7IHamdTA47cFhwSN33HGceOEtmozQE77r2JvkvemVfcPqYek6cxNv-lLhqFB4ZCEVMw\/s383\/Capture%20d%E2%80%99e%CC%81cran%202022-03-29%20a%CC%80%2011.30.09.png\" style=\"margin-left: 1em; margin-right: 1em;\"><img loading=\"lazy\" decoding=\"async\" border=\"0\" data-original-height=\"382\" data-original-width=\"383\" height=\"319\" src=\"https:\/\/blogger.googleusercontent.com\/img\/b\/R29vZ2xl\/AVvXsEhuoGi6RoeS0eAFPujik8e6zx1lWuL4faZpM6F6BZosUZKJ07uRtSZLv3KEz10fiNZrAgD6gGUslS2blDrwzRTFjHl0kE7iCWWjrLCtv1x-2jyimoeAbx_T0EV7IHamdTA47cFhwSN33HGceOEtmozQE77r2JvkvemVfcPqYek6cxNv-lLhqFB4ZCEVMw\/s320\/Capture%20d%E2%80%99e%CC%81cran%202022-03-29%20a%CC%80%2011.30.09.png\" width=\"320\" \/><\/a><\/div>\n<div style=\"clear: both; text-align: center;\"><\/div>\n<div style=\"clear: both; text-align: center;\">Elle \u00e9tait aussi au ch\u00e2teau d&#8217;Ars &nbsp;en 2022!<\/div>\n<p><span lang=\"fr-FR\"><br \/><\/span><\/span><\/div>\n<div style=\"line-height: 115%; margin-bottom: 0.35cm; text-align: center;\">\n<\/div>\n<div style=\"line-height: 115%; margin-bottom: 0.35cm; text-align: center;\">\n<\/div>\n<p><iframe loading=\"lazy\" allowfullscreen=\"\" frameborder=\"0\" height=\"480\" src=\"https:\/\/www.youtube.com\/embed\/zLsfUA7rpKw?rel=0\" width=\"853\"><\/iframe><\/p>\n<div><\/div>\n<div><\/div>\n<div style=\"clear: both; text-align: center;\"><iframe loading=\"lazy\" allowfullscreen=\"\" height=\"321\" src=\"https:\/\/www.youtube.com\/embed\/VGpL1zotjso\" width=\"485\" youtube-src-><\/iframe><\/div>\n<p><\/p>\n<div><\/div>\n","protected":false},"excerpt":{"rendered":"<p class=\"text-justify\">http:\/\/www.lenajonsson.com\/ Lena a grandi dans une famille de violoneux du H\u00e4lsingland. \u00c0 six ans elle commenceson voyage musical qui la m\u00e8ne \u00e0 [&hellip;]<\/p>\n","protected":false},"author":1,"featured_media":789,"comment_status":"open","ping_status":"open","sticky":false,"template":"","format":"standard","meta":{"footnotes":""},"categories":[8,11],"tags":[],"class_list":["post-200","post","type-post","status-publish","format-standard","has-post-thumbnail","hentry","category-musiciens-nordiques","category-suede"],"_links":{"self":[{"href":"https:\/\/cmtn-scandinavie.fr\/index.php\/wp-json\/wp\/v2\/posts\/200","targetHints":{"allow":["GET"]}}],"collection":[{"href":"https:\/\/cmtn-scandinavie.fr\/index.php\/wp-json\/wp\/v2\/posts"}],"about":[{"href":"https:\/\/cmtn-scandinavie.fr\/index.php\/wp-json\/wp\/v2\/types\/post"}],"author":[{"embeddable":true,"href":"https:\/\/cmtn-scandinavie.fr\/index.php\/wp-json\/wp\/v2\/users\/1"}],"replies":[{"embeddable":true,"href":"https:\/\/cmtn-scandinavie.fr\/index.php\/wp-json\/wp\/v2\/comments?post=200"}],"version-history":[{"count":2,"href":"https:\/\/cmtn-scandinavie.fr\/index.php\/wp-json\/wp\/v2\/posts\/200\/revisions"}],"predecessor-version":[{"id":1894,"href":"https:\/\/cmtn-scandinavie.fr\/index.php\/wp-json\/wp\/v2\/posts\/200\/revisions\/1894"}],"wp:featuredmedia":[{"embeddable":true,"href":"https:\/\/cmtn-scandinavie.fr\/index.php\/wp-json\/wp\/v2\/media\/789"}],"wp:attachment":[{"href":"https:\/\/cmtn-scandinavie.fr\/index.php\/wp-json\/wp\/v2\/media?parent=200"}],"wp:term":[{"taxonomy":"category","embeddable":true,"href":"https:\/\/cmtn-scandinavie.fr\/index.php\/wp-json\/wp\/v2\/categories?post=200"},{"taxonomy":"post_tag","embeddable":true,"href":"https:\/\/cmtn-scandinavie.fr\/index.php\/wp-json\/wp\/v2\/tags?post=200"}],"curies":[{"name":"wp","href":"https:\/\/api.w.org\/{rel}","templated":true}]}}