{"id":2495,"date":"2026-09-02T23:19:03","date_gmt":"2026-09-02T21:19:03","guid":{"rendered":"https:\/\/cmtn-scandinavie.fr\/?p=2495"},"modified":"2026-09-03T10:38:01","modified_gmt":"2026-09-03T08:38:01","slug":"anders-hefre-et-johanne-flottorp-som-lindi-bere-lauv","status":"publish","type":"post","link":"https:\/\/cmtn-scandinavie.fr\/index.php\/2026\/09\/02\/anders-hefre-et-johanne-flottorp-som-lindi-bere-lauv\/","title":{"rendered":"Anders Hefre et Johanne Flottorp: Som lindi bere lauv"},"content":{"rendered":"\n<figure class=\"wp-block-image size-full\"><img loading=\"lazy\" decoding=\"async\" width=\"352\" height=\"356\" src=\"https:\/\/cmtn-scandinavie.fr\/wp-content\/uploads\/2026\/08\/image-6.png\" alt=\"\" class=\"wp-image-2497\" srcset=\"https:\/\/cmtn-scandinavie.fr\/wp-content\/uploads\/2026\/08\/image-6.png 352w, https:\/\/cmtn-scandinavie.fr\/wp-content\/uploads\/2026\/08\/image-6-297x300.png 297w\" sizes=\"auto, (max-width: 352px) 100vw, 352px\" \/><\/figure>\n\n\n\n<p class=\"wp-block-paragraph\">A l&rsquo;origine de cet album, il y a le festival du <a href=\"https:\/\/www.telemarkfestivalen.no\/\" target=\"_blank\" rel=\"noopener\">Telemark<\/a> de 2023 \u00e0 B\u00f8 o\u00f9 <strong>Andres Hefre<\/strong> et <strong>Johanne Flottorp<\/strong> ont donn\u00e9 un concert avec un programme sp\u00e9cialement \u00e9crit pour l&rsquo;occasion. Le directeur du festival, <strong>Kristoffer Mosfjeld<\/strong>, a d\u00e9clar\u00e9 qu&rsquo;il s&rsquo;agissait d&rsquo;une \u00ab \u0153uvre rare et originale \u00bb. Il est rapidement apparu que ce concert avait une raison d&rsquo;\u00eatre au-del\u00e0 de cette soir\u00e9e, et la musique a donc \u00e9t\u00e9 enregistr\u00e9e.<\/p>\n\n\n\n<figure class=\"wp-block-image size-full\"><img loading=\"lazy\" decoding=\"async\" width=\"526\" height=\"497\" src=\"https:\/\/cmtn-scandinavie.fr\/wp-content\/uploads\/2026\/09\/image.png\" alt=\"\" class=\"wp-image-2509\" srcset=\"https:\/\/cmtn-scandinavie.fr\/wp-content\/uploads\/2026\/09\/image.png 526w, https:\/\/cmtn-scandinavie.fr\/wp-content\/uploads\/2026\/09\/image-300x283.png 300w\" sizes=\"auto, (max-width: 526px) 100vw, 526px\" \/><\/figure>\n\n\n\n<p class=\"wp-block-paragraph\">Dans leur travail de composition, ils se sont inspir\u00e9s d&rsquo;un ensemble de chansons folkloriques locales du Midt-Telemark et des villages environnants. Ce mat\u00e9riel a ensuite \u00e9t\u00e9 retravaill\u00e9 pour cr\u00e9er de nouvelles chansons et m\u00e9lodies. Le concert se d\u00e9roule en trois mouvements qui vous emm\u00e8nent \u00e0 travers une vie humaine. Il commence par des chansons et des jeux d&rsquo;enfants, passe par l&rsquo;adolescence, l&rsquo;\u00e2ge adulte, le mariage et le travail, avant d&rsquo;aborder la derni\u00e8re phase de la vie. Tout comme le cycle de la vie.<\/p>\n\n\n\n<p class=\"wp-block-paragraph\">C&rsquo;est la premi\u00e8re fois qu&rsquo;ils collaborent sur un projet aussi important et personnel. Ces derni\u00e8res ann\u00e9es, Hefre a pass\u00e9 beaucoup de temps avec le trio de jazz Maridalen, qui a sorti trois albums acclam\u00e9s par la critique depuis 2021. Au printemps, ils ont donn\u00e9 un showcase au grand salon JazzAhead \u00e0 Br\u00eame et ont effectu\u00e9 une longue tourn\u00e9e en Norv\u00e8ge avec le batteur Erland Dahlen. .<\/p>\n\n\n\n<p class=\"wp-block-paragraph\">Johanne Flottorp, quant \u00e0 elle, a beaucoup jou\u00e9 en solo ces derni\u00e8res ann\u00e9es, ainsi qu&rsquo;avec le guitariste \u00c5smund Solberg. Leur album \u00ab Fiskaren \u00bb, sorti l&rsquo;ann\u00e9e derni\u00e8re, leur a valu le prix Spellemannprisen. Elle fait \u00e9galement partie du groupe The Northern Belle depuis ses d\u00e9buts, en tant que joueuse de hardingfele et choriste.<\/p>\n\n\n\n<p class=\"wp-block-paragraph\">Ils ont enregistr\u00e9 cet album en 3 jours au studio Juke Point \u00e0 Notodden en Norv\u00e8ge. Tous les musiciens sont de la r\u00e9gion. Sur la pochette c&rsquo;est l&rsquo;\u00e9glise de B\u00f8 photographi\u00e9e par HALVOR ULVENES.<\/p>\n\n\n\n<p class=\"wp-block-paragraph\">Le Cd commence par le titre de l&rsquo;album qui est une phrase du chant traditionnel \u00ab\u00a0Folkestadvisa\u00a0\u00bb une tr\u00e8s belle ballade chant\u00e9e par Johanne Flottorp on entend la langeleik d&rsquo;Anders Erik R\u00f8ine.Sur le 4\u00e8me morceau la clarinette fait son unique et remarquable entr\u00e9e . Le halling qui suit est moderne avec de la guitare \u00e9lectrique et percussions et cela lui donne du dynamisme . Je trouve qu&rsquo;il y a une belle coh\u00e9sion entre tous les titres de cet album. <\/p>\n\n\n\n<p class=\"wp-block-paragraph\">Johanne Flottorp &#8211; composition, hardingfele, violon<br>Anders Hefre &#8211; composition, harmonium, piano, flute et clarinette<br>Anne Gravir Klykken &#8211; voix<br>Anders Erik R\u00f8ine &#8211; guimbarde, langeleik, guitare, voix<br>\u00c5smund Solberg &#8211; guitare<br>Anders Bitust\u00f8yl &#8211; contrebasse,  basse \u00e9lectrique<br>Jostein R\u00f8rmark &#8211; batterie et percussions&nbsp;<\/p>\n\n\n\n<p class=\"wp-block-paragraph\"><a href=\"https:\/\/andershefreogjohanneflottorp.bandcamp.com\/album\/som-lindi-bere-lauv\" target=\"_blank\" rel=\"noopener\">Pour acheter l&rsquo;album<\/a><\/p>\n\n\n\n<p class=\"wp-block-paragraph\"><a href=\"https:\/\/www.ta.no\/under-fodselspermisjonen-skjedde-det-noko-spesielt\/s\/5-50-2160912\" target=\"_blank\" rel=\"noopener\">un article dans le journal local<\/a><\/p>\n\n\n\n<p class=\"wp-block-paragraph\"><a href=\"https:\/\/un-tour-dans-le-sac.fr\/telemark-en-norvege\/\" target=\"_blank\" rel=\"noopener\">Un petit tour dans le Telemark ?<\/a><\/p>\n\n\n\n<p class=\"wp-block-paragraph\"><a href=\"https:\/\/nortabs.net\/tab\/6194\" target=\"_blank\" rel=\"noopener\">Les paroles de Folkestadvisa<\/a><\/p>\n","protected":false},"excerpt":{"rendered":"<p class=\"text-justify\">A l&rsquo;origine de cet album, il y a le festival du Telemark de 2023 \u00e0 B\u00f8 o\u00f9 Andres Hefre et Johanne Flottorp [&hellip;]<\/p>\n","protected":false},"author":4,"featured_media":2497,"comment_status":"closed","ping_status":"open","sticky":false,"template":"","format":"standard","meta":{"footnotes":""},"categories":[17,6],"tags":[],"class_list":["post-2495","post","type-post","status-publish","format-standard","has-post-thumbnail","hentry","category-critique-cd","category-norvege"],"_links":{"self":[{"href":"https:\/\/cmtn-scandinavie.fr\/index.php\/wp-json\/wp\/v2\/posts\/2495","targetHints":{"allow":["GET"]}}],"collection":[{"href":"https:\/\/cmtn-scandinavie.fr\/index.php\/wp-json\/wp\/v2\/posts"}],"about":[{"href":"https:\/\/cmtn-scandinavie.fr\/index.php\/wp-json\/wp\/v2\/types\/post"}],"author":[{"embeddable":true,"href":"https:\/\/cmtn-scandinavie.fr\/index.php\/wp-json\/wp\/v2\/users\/4"}],"replies":[{"embeddable":true,"href":"https:\/\/cmtn-scandinavie.fr\/index.php\/wp-json\/wp\/v2\/comments?post=2495"}],"version-history":[{"count":23,"href":"https:\/\/cmtn-scandinavie.fr\/index.php\/wp-json\/wp\/v2\/posts\/2495\/revisions"}],"predecessor-version":[{"id":2530,"href":"https:\/\/cmtn-scandinavie.fr\/index.php\/wp-json\/wp\/v2\/posts\/2495\/revisions\/2530"}],"wp:featuredmedia":[{"embeddable":true,"href":"https:\/\/cmtn-scandinavie.fr\/index.php\/wp-json\/wp\/v2\/media\/2497"}],"wp:attachment":[{"href":"https:\/\/cmtn-scandinavie.fr\/index.php\/wp-json\/wp\/v2\/media?parent=2495"}],"wp:term":[{"taxonomy":"category","embeddable":true,"href":"https:\/\/cmtn-scandinavie.fr\/index.php\/wp-json\/wp\/v2\/categories?post=2495"},{"taxonomy":"post_tag","embeddable":true,"href":"https:\/\/cmtn-scandinavie.fr\/index.php\/wp-json\/wp\/v2\/tags?post=2495"}],"curies":[{"name":"wp","href":"https:\/\/api.w.org\/{rel}","templated":true}]}}