{"id":39,"date":"2021-05-16T15:24:00","date_gmt":"2021-05-16T13:24:00","guid":{"rendered":"https:\/\/cmtn-scandinavie.fr\/index.php\/2021\/05\/16\/baroque-tales\/"},"modified":"2024-01-19T18:21:20","modified_gmt":"2024-01-19T17:21:20","slug":"baroque-tales","status":"publish","type":"post","link":"https:\/\/cmtn-scandinavie.fr\/index.php\/2021\/05\/16\/baroque-tales\/","title":{"rendered":"BAROQUE TALES"},"content":{"rendered":"<p>&nbsp; &nbsp; &nbsp; &nbsp; &nbsp; &nbsp; &nbsp; &nbsp; &nbsp; &nbsp; &nbsp; &nbsp; &nbsp; &nbsp; &nbsp; &nbsp; &nbsp; &nbsp; &nbsp; &nbsp; &nbsp; &nbsp; &nbsp; &nbsp; &nbsp; &nbsp; &nbsp; &nbsp; &nbsp; &nbsp; &nbsp; &nbsp; &nbsp; &nbsp; &nbsp; &nbsp;&nbsp;<span style=\"font-size: large;\">&nbsp;LYNX ENSEMBLE<\/span><\/p>\n<\/p>\n<div style=\"clear: both; text-align: center;\"><a href=\"https:\/\/1.bp.blogspot.com\/-cG71zPJfq6U\/YHMl77LWV7I\/AAAAAAAACeU\/yewXtvXgg9E3_uID-rBNQKgk83HdvDvmwCLcBGAsYHQ\/s597\/Capture%2Bd%25E2%2580%2599e%25CC%2581cran%2B2021-04-11%2Ba%25CC%2580%2B18.25.03.png\" style=\"margin-left: 1em; margin-right: 1em;\"><img loading=\"lazy\" decoding=\"async\" border=\"0\" data-original-height=\"597\" data-original-width=\"597\" height=\"400\" src=\"https:\/\/1.bp.blogspot.com\/-cG71zPJfq6U\/YHMl77LWV7I\/AAAAAAAACeU\/yewXtvXgg9E3_uID-rBNQKgk83HdvDvmwCLcBGAsYHQ\/w400-h400\/Capture%2Bd%25E2%2580%2599e%25CC%2581cran%2B2021-04-11%2Ba%25CC%2580%2B18.25.03.png\" width=\"400\" \/><\/a><\/div>\n<div style=\"clear: both; text-align: center;\"><\/div>\n<div style=\"clear: both; text-align: center;\"><span style=\"font-size: large;\">Voici un CD pour les amateurs de musique baroque et su\u00e9doise.<\/span><\/div>\n<div style=\"clear: both; text-align: center;\"><span style=\"font-size: large;\">Le Lynx Ensemble est n\u00e9 du projet de Linnea Aall Campbell et de Netta Huebscher de faire un lien entre la musique baroque et la musique traditionnelle du 18\u00e8me si\u00e8cle dans la province du H\u00e4lsingland. Il a fallu trouver des partenaires pour cette aventure, Netta Huebscher a connu Avinoam Shalev au conservatoire \u00e0 Tel Aviv, il sera le claveciniste du groupe, et lui m\u00eame avait rencontr\u00e9 &nbsp;Nora Matthies en Allemagne , elle sera la violoncelliste. Et Linnea Aall Campbell avait fait des \u00e9tudes \u00e0 Stockholm avec Anna Gustavsson qui jouera du nyckelharpa. Ce groupe existe depuis 2017 et a fait de nombreux concerts.<\/span><\/div>\n<div style=\"clear: both; text-align: center;\">\n<div style=\"clear: both; text-align: center;\"><a href=\"https:\/\/1.bp.blogspot.com\/-yvPBCPoMpMk\/YHhL6PbGvPI\/AAAAAAAACek\/gz0cs84gaYEWgtz_bR_R9-FVhnDN3SJbgCLcBGAsYHQ\/s710\/Capture%2Bd%25E2%2580%2599e%25CC%2581cran%2B2021-04-15%2Ba%25CC%2580%2B16.19.10.png\" style=\"margin-left: 1em; margin-right: 1em;\"><img loading=\"lazy\" decoding=\"async\" border=\"0\" data-original-height=\"475\" data-original-width=\"710\" height=\"268\" src=\"https:\/\/1.bp.blogspot.com\/-yvPBCPoMpMk\/YHhL6PbGvPI\/AAAAAAAACek\/gz0cs84gaYEWgtz_bR_R9-FVhnDN3SJbgCLcBGAsYHQ\/w400-h268\/Capture%2Bd%25E2%2580%2599e%25CC%2581cran%2B2021-04-15%2Ba%25CC%2580%2B16.19.10.png\" width=\"400\" \/><\/a><\/div>\n<p><span style=\"font-size: large;\"><br \/><\/span><\/div>\n<div style=\"clear: both; text-align: center;\"><span style=\"font-size: large;\">Sauf que la distribution pour l&#8217;enregistrement de leur premier disque ne sera pas exactement celle l\u00e0, en effet avec la crise sanitaire la violoncelliste allemande n&#8217;a pas pu rejoindre le studio en Su\u00e8de. Il a donc fallu trouver une violoncelliste en Su\u00e8de, le choix s&#8217;est port\u00e9 sur Leonor Palazzo que le CMTN connait bien. On peut dire que Leonor a bien relev\u00e9 le d\u00e9fi, tout le groupe est profond\u00e9ment reconnaissant \u00e0 Leonor d&#8217;avoir particip\u00e9 \u00e0 cet enregistrement et d&#8217;avoir enrichi leur palette sonore. Il est \u00e0 noter que Leonor joue du violoncelle \u00e0 5 cordes que cela a apport\u00e9 quelque chose d&#8217;int\u00e9ressant quand son expression \u00e9tait plus m\u00e9lodique.<\/span><\/div>\n<div style=\"clear: both; text-align: center;\">\n<div style=\"clear: both; text-align: center;\"><a href=\"https:\/\/1.bp.blogspot.com\/-UTjDc2Ene8U\/YHmDqxkyVNI\/AAAAAAAACes\/_7aKFmUMrB4a5_0slwct_ztkTL8_XE1EwCLcBGAsYHQ\/s912\/lynx%2Bensemble.png\" style=\"margin-left: 1em; margin-right: 1em;\"><img loading=\"lazy\" decoding=\"async\" border=\"0\" data-original-height=\"421\" data-original-width=\"912\" height=\"296\" src=\"https:\/\/1.bp.blogspot.com\/-UTjDc2Ene8U\/YHmDqxkyVNI\/AAAAAAAACes\/_7aKFmUMrB4a5_0slwct_ztkTL8_XE1EwCLcBGAsYHQ\/w640-h296\/lynx%2Bensemble.png\" width=\"640\" \/><\/a><\/div>\n<p><\/p>\n<div style=\"text-align: left;\">\n<div style=\"text-align: left;\"><span style=\"font-size: x-large;\"><br \/><\/span><\/div>\n<div style=\"text-align: left;\"><span style=\"font-size: large;\">Revenons au contenu de ce CD, il s&#8217;agit d&#8217;anciennes m\u00e9lodies du H\u00e4lsingland datant du18\u00e8me si\u00e8cle voir du 19\u00e8me. Ces airs ont \u00e9t\u00e9 transcrits sans accompagnement, Linnea Aall Campbell et Netta Huebsher ont imagin\u00e9 un accompagnement du style baroque avec &nbsp;basse continue, &nbsp;cette section est contitu\u00e9e du clavecin et du violoncelle.<\/span><\/div>\n<div style=\"text-align: left;\"><span style=\"font-size: large;\">&nbsp;Le rapprochement entre la musique traditionnelle et le baroque est je pense assez naturel, en effet beaucoup d&#8217;interpr\u00e8tes de musique baroque parlent de musique plus libre, plus expressive. Et on peut y apporter sa personnalit\u00e9.<\/span><\/div>\n<div style=\"text-align: left;\"><span style=\"font-size: large;\">Ce CD comprend 8 morceaux datant tous des ann\u00e9es 1800, il y a un prologue et un \u00e9pilogue. Tous ces airs sont tous tr\u00e8s beaux, j&#8217;ai une&nbsp;pr\u00e9f\u00e9rence pour la polska efter Snickar-Erik Olsson qui \u00e9tait fermier et&nbsp;violoneux comme souvent \u00e0 l&#8217;\u00e9poque, il \u00e9tait connu pour sa virtuosit\u00e9. Cette polska sonne d&#8217;une mani\u00e8re magistrale presque majestueuse.<\/span><\/div>\n<div style=\"text-align: left;\"><span style=\"font-size: large;\">Le groupe a fait un tr\u00e8s beau concert digital le 21 avril dans le cadre du festival Early Music Days mais on ne peut plus le revoir &#8230;<\/span><\/div>\n<p><\/p>\n<div style=\"font-size: x-large; text-align: left;\"><\/div>\n<div style=\"clear: both; font-size: x-large; text-align: center;\"><iframe loading=\"lazy\" allowfullscreen=\"\" height=\"328\" src=\"https:\/\/www.youtube.com\/embed\/efYKcY3MXIc\" width=\"580\" youtube-src-><\/iframe><\/div>\n<div style=\"clear: both; font-size: x-large; text-align: center;\"><\/div>\n<div style=\"clear: both; font-size: x-large; text-align: center;\"><\/div>\n<p><span style=\"font-size: large;\"><\/p>\n<div style=\"text-align: left;\"><\/div>\n<p><\/span><\/p>\n<div style=\"text-align: left;\"><span style=\"font-size: large;\">Il faudrait ici parler d&#8217;Anders Henriksson grand musicien de la tradition dans le H\u00e4singland principalement dans le secteur de J\u00e4rvs\u00f6.<\/span><\/div>\n<div style=\"text-align: left;\"><span style=\"font-size: large;\">Linnea Aall Campbell a \u00e9t\u00e9 une de ses \u00e9l\u00e8ves avec Jonas Olsson. La passion de Linnea pour ce r\u00e9pertoire date de cette \u00e9poque.<\/span><\/div>\n<div style=\"text-align: left;\"><span style=\"font-size: large;\"><br \/><\/span><\/div>\n<\/div>\n<\/div>\n<div style=\"clear: both; text-align: center;\">\n<div style=\"clear: both; text-align: center;\"><iframe loading=\"lazy\" allowfullscreen=\"\" height=\"295\" src=\"https:\/\/www.youtube.com\/embed\/rrGxgqgKl7I\" width=\"397\" youtube-src-><\/iframe><\/div>\n<div style=\"clear: both; text-align: center;\">ici Linnea Aall Campbell joue avec Anders Henriksson<\/div>\n<div style=\"clear: both; text-align: center;\"><span style=\"font-size: large;\">Anders Henriksson a obtenu la Zornm\u00e4rke en or en 2018 pour son jeu magistral, \u00e9l\u00e9gant et&nbsp;traditionnel du r\u00e9pertoire du H\u00e4lsingland. Il a \u00e9tabli une&nbsp;cartographie compl\u00e8te des musiciens&nbsp;traditionnels \u00e0 J\u00e4rvs\u00f6. Il a beaucoup jou\u00e9 avec Bj\u00f6rn&nbsp;<a href=\"https:\/\/asso-cmtn.blogspot.com\/2021\/01\/bjorn-stabi-une-legende.html?view=flipcard\" target=\"_blank\" rel=\"noopener\">St\u00e5bi<\/a>&nbsp;et Bengan Janson.&nbsp;<\/span><\/div>\n<div style=\"clear: both; text-align: center;\"><span style=\"font-size: large;\"><br \/><\/span><\/div>\n<div style=\"clear: both; text-align: center;\"><span style=\"font-size: large;\">Donc un CD \u00e0 se procurer de toute urgence&nbsp;<a href=\"https:\/\/www.prestomusic.com\/classical\/search?search_query=lynx%20ensemble\" target=\"_blank\" rel=\"noopener\">ici<\/a><\/span><\/div>\n<div style=\"clear: both; text-align: center;\"><span style=\"font-size: x-large; text-align: left;\">&nbsp; &nbsp;&nbsp;<\/span><\/div>\n<\/div>\n<p>&nbsp; &nbsp; &nbsp; Quelques liens:<\/p>\n<blockquote style=\"font-family: Avenir; font-size: 18px;\" type=\"cite\">\n<div dir=\"ltr\">\n<div>\n<div><a href=\"https:\/\/www.linneaaallcampbell.com\/\" class=\"broken_link\">https:\/\/www.linneaaallcampbell.com\/<\/a><\/div>\n<div><a href=\"https:\/\/www.avinoamshalev.com\/\">https:\/\/www.avinoamshalev.com\/<\/a><\/div>\n<div>\n<div dir=\"ltr\">\n<div dir=\"ltr\">\n<div>\n<div dir=\"ltr\"><span style=\"font-size: x-small;\"><span face=\"arial, helvetica, sans-serif\"><\/span><\/span><a href=\"http:\/\/www.annanyckelharpist.com\/ensemblerprojekt\/\" class=\"broken_link\">http:\/\/www.annanyckelharpist.com\/ensemblerprojekt\/<\/a><\/div>\n<\/div>\n<\/div>\n<\/div>\n<\/div>\n<\/div>\n<\/div>\n<\/blockquote>\n<p>&nbsp; &nbsp; &nbsp; &nbsp; &nbsp;&nbsp;<a href=\"https:\/\/www.noramatthies.de\/\" style=\"font-family: arial, helvetica, sans-serif;\">https:\/\/www.noramatthies.de<\/a>&nbsp; &nbsp;&nbsp;<\/p>\n<p>&nbsp; &nbsp; &nbsp; &nbsp; &nbsp;&nbsp;<a href=\"https:\/\/violonciel.be\/\" style=\"text-align: center;\" target=\"_blank\" rel=\"noopener\">https:\/\/violonciel.be<\/a><\/p>\n<div style=\"clear: both; text-align: center;\"><span style=\"font-size: large;\"><br \/><\/span><\/div>\n<p><\/p>\n<div style=\"clear: both; text-align: center;\"><\/div>\n<div style=\"clear: both; text-align: center;\"><\/div>\n<div style=\"clear: both; text-align: center;\"><\/div>\n<div style=\"clear: both; text-align: center;\"><\/div>\n<div style=\"clear: both; text-align: center;\"><\/div>\n<div style=\"clear: both; text-align: center;\"><\/div>\n<div style=\"clear: both; text-align: center;\"><\/div>\n<p><span style=\"font-size: large;\"><br \/><\/span><\/p>\n","protected":false},"excerpt":{"rendered":"<p class=\"text-justify\">&nbsp; &nbsp; &nbsp; &nbsp; &nbsp; &nbsp; &nbsp; &nbsp; &nbsp; &nbsp; &nbsp; &nbsp; &nbsp; &nbsp; &nbsp; &nbsp; &nbsp; &nbsp; &nbsp; &nbsp; &nbsp; &nbsp; [&hellip;]<\/p>\n","protected":false},"author":1,"featured_media":767,"comment_status":"open","ping_status":"open","sticky":false,"template":"","format":"standard","meta":{"footnotes":""},"categories":[17,11],"tags":[],"class_list":["post-39","post","type-post","status-publish","format-standard","has-post-thumbnail","hentry","category-critique-cd","category-suede"],"_links":{"self":[{"href":"https:\/\/cmtn-scandinavie.fr\/index.php\/wp-json\/wp\/v2\/posts\/39","targetHints":{"allow":["GET"]}}],"collection":[{"href":"https:\/\/cmtn-scandinavie.fr\/index.php\/wp-json\/wp\/v2\/posts"}],"about":[{"href":"https:\/\/cmtn-scandinavie.fr\/index.php\/wp-json\/wp\/v2\/types\/post"}],"author":[{"embeddable":true,"href":"https:\/\/cmtn-scandinavie.fr\/index.php\/wp-json\/wp\/v2\/users\/1"}],"replies":[{"embeddable":true,"href":"https:\/\/cmtn-scandinavie.fr\/index.php\/wp-json\/wp\/v2\/comments?post=39"}],"version-history":[{"count":1,"href":"https:\/\/cmtn-scandinavie.fr\/index.php\/wp-json\/wp\/v2\/posts\/39\/revisions"}],"predecessor-version":[{"id":770,"href":"https:\/\/cmtn-scandinavie.fr\/index.php\/wp-json\/wp\/v2\/posts\/39\/revisions\/770"}],"wp:featuredmedia":[{"embeddable":true,"href":"https:\/\/cmtn-scandinavie.fr\/index.php\/wp-json\/wp\/v2\/media\/767"}],"wp:attachment":[{"href":"https:\/\/cmtn-scandinavie.fr\/index.php\/wp-json\/wp\/v2\/media?parent=39"}],"wp:term":[{"taxonomy":"category","embeddable":true,"href":"https:\/\/cmtn-scandinavie.fr\/index.php\/wp-json\/wp\/v2\/categories?post=39"},{"taxonomy":"post_tag","embeddable":true,"href":"https:\/\/cmtn-scandinavie.fr\/index.php\/wp-json\/wp\/v2\/tags?post=39"}],"curies":[{"name":"wp","href":"https:\/\/api.w.org\/{rel}","templated":true}]}}