{"id":51,"date":"2021-01-21T16:32:00","date_gmt":"2021-01-21T15:32:00","guid":{"rendered":"https:\/\/cmtn-scandinavie.fr\/index.php\/2021\/01\/21\/ces-petits-liens-qui-nous-font-du-bien\/"},"modified":"2024-01-19T18:36:18","modified_gmt":"2024-01-19T17:36:18","slug":"ces-petits-liens-qui-nous-font-du-bien","status":"publish","type":"post","link":"https:\/\/cmtn-scandinavie.fr\/index.php\/2021\/01\/21\/ces-petits-liens-qui-nous-font-du-bien\/","title":{"rendered":"CES PETITS LIENS QUI NOUS FONT DU BIEN"},"content":{"rendered":"<p>&nbsp; &nbsp; &nbsp; &nbsp; &nbsp; &nbsp; &nbsp; &nbsp; &nbsp; &nbsp; &nbsp; &nbsp; &nbsp; &nbsp; &nbsp; &nbsp; &nbsp; &nbsp; &nbsp; &nbsp; &nbsp; &nbsp; &nbsp; &nbsp; &nbsp; CONCERTS A VENIR OU PASSES<\/p>\n<div style=\"clear: both; text-align: center;\"><a href=\"https:\/\/1.bp.blogspot.com\/-fyvVIWD9Qlg\/YAlSODH_bjI\/AAAAAAAACVE\/R4-NtPNCaIc5VxZ6IzvZ--X66P33acf3ACLcBGAsYHQ\/s992\/Capture%2Bd%25E2%2580%2599e%25CC%2581cran%2B2021-01-21%2Ba%25CC%2580%2B10.48.19.png\" style=\"margin-left: 1em; margin-right: 1em;\"><img loading=\"lazy\" decoding=\"async\" border=\"0\" data-original-height=\"504\" data-original-width=\"992\" height=\"318\" src=\"https:\/\/1.bp.blogspot.com\/-fyvVIWD9Qlg\/YAlSODH_bjI\/AAAAAAAACVE\/R4-NtPNCaIc5VxZ6IzvZ--X66P33acf3ACLcBGAsYHQ\/w611-h318\/Capture%2Bd%25E2%2580%2599e%25CC%2581cran%2B2021-01-21%2Ba%25CC%2580%2B10.48.19.png\" width=\"611\" \/><\/a><\/div>\n<div style=\"clear: both; text-align: center;\"><span style=\"font-size: x-small;\">le duo Disparat , photo clin d&#8217;oeil de Stefan Ekedahl<\/span><\/div>\n<div style=\"clear: both; text-align: center;\"><\/div>\n<div style=\"clear: both; text-align: center;\"><\/div>\n<div style=\"clear: both; text-align: center;\"><span style=\"font-size: large;\">Bonjour, comme la situation ne s&#8217;am\u00e9liore pas vraiment et que les concerts en ligne deviennent la r\u00e8gle, cette chronique vous indiquera des liens \u00e0 suivre pour des concerts en live ou des concerts r\u00e9cents d\u00e9j\u00e0&nbsp;diffus\u00e9s. Cette chronique sera&nbsp;abond\u00e9e au fur et \u00e0 mesure, c&#8217;est \u00e0 vous de la consulter de temps \u00e0 autre pour voir les nouveaut\u00e9s, ceci pour \u00e9viter d&#8217;inonder les bo\u00eetes mails&#8230;.merci.<\/span><\/div>\n<div style=\"clear: both; text-align: center;\"><span style=\"font-size: large;\"><br \/><\/span><\/div>\n<div style=\"clear: both; text-align: left;\"><span style=\"font-size: large;\">Le premier concert c&#8217;est samedi 21 janvier avec le duo <span style=\"color: red;\">Disparat<\/span> avec <span style=\"color: red;\">Johanna Karlson<\/span>(violon) et <span style=\"color: red;\">Anders Norudde<\/span>(violon et moraharpa) qui est assez connu comme membre du groupe Bl\u00e5 Bergens&nbsp;Borduner. Ils se sont rencontr\u00e9s quand Johanna cherchait \u00e0 acheter un violon, Anders est luthier, c&#8217;est alors le d\u00e9but d&#8217;une amiti\u00e9 musicale.<span style=\"text-align: left;\">Le r\u00e9pertoire se compose des propres compositions d&#8217;Anders, une musique ent\u00eat\u00e9e qui &nbsp;dure et avec un scintillement \u00e9tincelant dans les yeux. Un tout nouvel album Kl\u00e5paren est maintenant sorti, &nbsp;juste \u00e0 temps pour leur soir\u00e9e au Malm\u00f6 folk. Merci au Folk&nbsp;<\/span>club de&nbsp;<a href=\"http:\/\/www.malmofolk.se\/\" target=\"_blank\" rel=\"noopener\">Malm\u00f6<\/a>&nbsp;de nous avoir transmis le lien. Il y a moyen de faire des dons pour les musiciens et le folk club en ligne.<\/span><\/div>\n<div style=\"clear: both; text-align: center;\"><span style=\"font-size: large;\"><br \/><\/span><\/div>\n<div style=\"clear: both; text-align: center;\">\n<div dir=\"ltr\" style=\"caret-color: rgb(34, 34, 34); color: #222222; font-family: &quot;Helvetica Neue&quot;, Helvetica, Arial, sans-serif; font-size: 13px; text-align: start;\">Lien sur facebook de l&#8217;evenement samedi le 23 de janvier<\/div>\n<div dir=\"ltr\" style=\"caret-color: rgb(34, 34, 34); color: #222222; font-family: &quot;Helvetica Neue&quot;, Helvetica, Arial, sans-serif; font-size: 13px; text-align: start;\"><a saferedirecturl=\"https:\/\/www.google.com\/url?q=https:\/\/www.facebook.com\/events\/481660669470747&amp;source=gmail&amp;ust=1611247791818000&amp;usg=AFQjCNGe7W0I5cJDC4J15QthZ3iC939y_g\" href=\"https:\/\/www.facebook.com\/events\/481660669470747\" rel=\"nofollow noopener\" style=\"color: #1155cc;\" target=\"_blank\" class=\"broken_link\">https:\/\/www.facebook.com\/<wbr><\/wbr>events\/481660669470747<\/a><\/div>\n<\/div>\n<div style=\"clear: both; text-align: center;\"><\/div>\n<p><span style=\"font-size: medium;\">Vous pouvez \u00e9couter la radio&nbsp;<a href=\"https:\/\/sverigesradio.se\/avsnitt\/1634241\" target=\"_blank\" rel=\"noopener\" class=\"broken_link\">Sverigesradio<\/a>&nbsp;,ils ont des \u00e9missions folks le mardi \u00e0 19h, le samedi \u00e0 \u00e0 15h et le dimanche \u00e0 15h, il y a aussi plein d&#8217;archives interessantes!<\/span><\/p>\n<p><span style=\"font-size: large;\">Un concert avec&nbsp;<a href=\"https:\/\/www.facebook.com\/118048301616747\/videos\/205910364490054\" target=\"_blank\" rel=\"noopener\">Mats Ed\u00e9n<\/a>&nbsp;tr\u00e8s percutant!<\/span><\/p>\n<p><span style=\"font-size: large;\">Emme Reid et Ellika Frisell, la professeur et son \u00e9l\u00e8ve 20 ans&nbsp;<a href=\"https:\/\/www.facebook.com\/stallet.folkmusik\/videos\/874006683405690\/\" target=\"_blank\" rel=\"noopener\">apr\u00e8s<\/a>, quel chemin parcouru!<\/span><\/p>\n<p><span style=\"font-size: large;\">Et avec un peu de retard une vid\u00e9o du groupe de Coline membre du CA qui fait ses \u00e9tudes dans le nord de l&#8217;Europe, c&#8217;est tr\u00e8s beau il y a m\u00eame un&nbsp;<a href=\"https:\/\/www.youtube.com\/watch?app=desktop&amp;v=_g3jGH7eP_Q\" target=\"_blank\" rel=\"noopener\">kant\u00e9l\u00e9<\/a>, it&#8217;s grovy time!<\/span><\/p>\n<p><span style=\"font-size: large;\"><br \/><\/span><\/p>\n<p><span style=\"font-size: large;\"><span>Comme les soir\u00e9es sont longues on va regarder la t\u00e9l\u00e9, mais attention la t\u00e9l\u00e9 norv\u00e9gienne&nbsp;<\/span><span>avec une \u00e9mission sur la&nbsp;<\/span><a href=\"https:\/\/tv.nrk.no\/serie\/nytt-liv-i-gamle-toner\/1991\/FMUS20000590\/avspiller\" target=\"_blank\" rel=\"noopener\">langeleik<\/a><span>&nbsp;il y aussi de la guimbarde et m\u00eame de la harpe.<\/span><\/span><\/p>\n<p><span style=\"font-size: large;\">Sur la m\u00eame chaine il y a un super concert avec le&#8221;Draumkvedet&#8221; avec&nbsp;<a href=\"https:\/\/tv.nrk.no\/program\/FOLA04001185\" target=\"_blank\" rel=\"noopener\">Agnes Buen Garn\u00e5s<\/a>&nbsp; au chant.C&#8217;est un peu la m\u00e9taphore de ce qu&#8217;on vit actuellement, en esp\u00e9rant qu&#8217;on sorte vite de cet \u00e9tat&#8230;<\/span><\/p>\n<\/p>\n<table align=\"center\" cellpadding=\"0\" cellspacing=\"0\" style=\"margin-left: auto; margin-right: auto;\">\n<tbody>\n<tr>\n<td style=\"text-align: center;\"><a href=\"https:\/\/1.bp.blogspot.com\/-MYektKidcfs\/YBCBGa3VhGI\/AAAAAAAACWE\/_6gbVqHDrz8U7PdYpRYnV4CD47FeleX9QCLcBGAsYHQ\/s795\/Capture%2Bd%25E2%2580%2599e%25CC%2581cran%2B2021-01-26%2Ba%25CC%2580%2B21.51.05.png\" style=\"margin-left: auto; margin-right: auto;\"><img loading=\"lazy\" decoding=\"async\" border=\"0\" data-original-height=\"540\" data-original-width=\"795\" height=\"271\" src=\"https:\/\/1.bp.blogspot.com\/-MYektKidcfs\/YBCBGa3VhGI\/AAAAAAAACWE\/_6gbVqHDrz8U7PdYpRYnV4CD47FeleX9QCLcBGAsYHQ\/w400-h271\/Capture%2Bd%25E2%2580%2599e%25CC%2581cran%2B2021-01-26%2Ba%25CC%2580%2B21.51.05.png\" width=\"400\" \/><\/a><\/td>\n<\/tr>\n<tr>\n<td style=\"text-align: center;\">\u00e9glise d&#8217;Eidsborg<\/td>\n<\/tr>\n<\/tbody>\n<\/table>\n<p><span style=\"font-size: medium;\"><br \/><\/span><\/p>\n<p>Draumkvedet est la chanson folklorique la plus c\u00e9l\u00e8bre de Norv\u00e8ge (ou&nbsp;<a href=\"https:\/\/asso-cmtn.blogspot.com\/2020\/04\/ballades-norvegiennes.html\" target=\"_blank\" rel=\"noopener\">ballade<\/a> m\u00e9di\u00e9vale). C&#8217;est un po\u00e8me visionnaire de style ballade. Cette ballade reproduit une s\u00e9rie de visions \/ visions du royaume des morts d&#8217;un homme nomm\u00e9 Olav qui a v\u00e9cu dans un sommeil transe de la veille de No\u00ebl au treizi\u00e8me jour de No\u00ebl, soit du 24 d\u00e9cembre au 6 janvier. Pendant ces 13 jours, son \u00e2me a temporairement quitt\u00e9 son corps et err\u00e9 dans les r\u00eaves du monde dans lequel nous sommes n\u00e9s, la \u00abmaison natale\u00bb, et dans l&#8217;au-del\u00e0, l &#8216;\u00abannheim\u00bb ou \u00abaurom home\u00bb. Ici, il a acquis un aper\u00e7u du sort des personnes apr\u00e8s la mort . Le &#8220;treizi\u00e8me jour&#8221;, l&#8217;\u00e2me a de nouveau \u00e9lu domicile dans le corps. Le m\u00eame jour, il a communiqu\u00e9 ses visions de r\u00eave \u00e0 une veuve \u00e0 l&#8221;\u00e9glise \u00e0 l&#8217;\u00e9coute qui a ainsi appris ce qui l&#8217;attend derri\u00e8re la fronti\u00e8re de la mort.<\/p>\n<p>&#8212;&#8212;&#8212;&#8212;&#8212;&#8212;&#8212;&#8212;&#8212;&#8212;&#8212;&#8212;&#8212;&#8212;&#8212;&#8212;&#8212;&#8212;&#8212;&#8212;&#8212;&#8212;&#8212;&#8212;&#8212;&#8212;&#8212;&#8212;&#8212;&#8212;&#8212;&#8212;&#8212;&#8212;&#8212;&#8212;&#8212;&#8212;&#8212;&#8212;&#8212;&#8212;&#8211;<\/p>\n<p>Je viens de m&#8217;apercevoir que j&#8217;ai rat\u00e9 le calendrier de l&#8217;avent de&nbsp;<a href=\"https:\/\/www.facebook.com\/watch\/417299011656659\/1103196646786597\/?__tn__=-UC-R\" target=\"_blank\" rel=\"noopener\" class=\"broken_link\">Bilda<\/a>&nbsp;! Les branch\u00e9s Facebook ne m&#8217;ont rien dit, mince alors&#8230; Ce calendrier vaut le d\u00e9tour vous cliquez sur chaque vignette de 1 \u00e0 24 et vous avez un petit bijou!<\/p>\n<div style=\"clear: both; text-align: center;\"><a href=\"https:\/\/1.bp.blogspot.com\/-LklIv0IVtgQ\/YBCTsxm_9eI\/AAAAAAAACWQ\/Mtd7pnhGqZQ4o1_65bmTAnpYfPnbtfVgwCLcBGAsYHQ\/s841\/Capture%2Bd%25E2%2580%2599e%25CC%2581cran%2B2021-01-26%2Ba%25CC%2580%2B23.11.00.png\" style=\"margin-left: 1em; margin-right: 1em;\"><img loading=\"lazy\" decoding=\"async\" border=\"0\" data-original-height=\"434\" data-original-width=\"841\" height=\"330\" src=\"https:\/\/1.bp.blogspot.com\/-LklIv0IVtgQ\/YBCTsxm_9eI\/AAAAAAAACWQ\/Mtd7pnhGqZQ4o1_65bmTAnpYfPnbtfVgwCLcBGAsYHQ\/w640-h330\/Capture%2Bd%25E2%2580%2599e%25CC%2581cran%2B2021-01-26%2Ba%25CC%2580%2B23.11.00.png\" width=\"640\" \/><\/a><\/div>\n<div style=\"clear: both; text-align: center;\"><\/div>\n<div style=\"clear: both; text-align: center;\">_____________________________________________________________________________________<\/div>\n<div style=\"clear: both; text-align: center;\"><\/div>\n<div style=\"clear: both; text-align: center;\"><\/div>\n<div style=\"clear: both; text-align: center;\"><span style=\"font-size: large;\">On pourrait convoquer les chamanes, j&#8217;en connait une, elle est&nbsp;<a href=\"https:\/\/tv.nrk.no\/program\/FPLO00000393\" target=\"_blank\" rel=\"noopener\">sami<\/a><\/span><\/div>\n<div style=\"clear: both; text-align: center;\"><\/div>\n<div style=\"clear: both; text-align: center;\"><a href=\"https:\/\/1.bp.blogspot.com\/-Kh5pk0kYC2g\/YBHT2uWqQWI\/AAAAAAAACWw\/7icPW9Hl270cMUNvuAKWGgw6vr4-chFYwCLcBGAsYHQ\/s851\/Capture%2Bd%25E2%2580%2599e%25CC%2581cran%2B2021-01-27%2Ba%25CC%2580%2B21.51.25.png\" style=\"margin-left: 1em; margin-right: 1em;\"><img loading=\"lazy\" decoding=\"async\" border=\"0\" data-original-height=\"640\" data-original-width=\"851\" height=\"482\" src=\"https:\/\/1.bp.blogspot.com\/-Kh5pk0kYC2g\/YBHT2uWqQWI\/AAAAAAAACWw\/7icPW9Hl270cMUNvuAKWGgw6vr4-chFYwCLcBGAsYHQ\/w640-h482\/Capture%2Bd%25E2%2580%2599e%25CC%2581cran%2B2021-01-27%2Ba%25CC%2580%2B21.51.25.png\" width=\"640\" \/><\/a><\/div>\n<div style=\"clear: both; text-align: center;\"><\/div>\n<div style=\"clear: both; text-align: center;\">&#8212;&#8212;&#8212;&#8212;&#8212;&#8212;&#8212;&#8212;&#8212;&#8212;&#8212;&#8212;&#8212;&#8212;&#8212;&#8212;&#8212;&#8212;&#8212;&#8212;&#8212;&#8212;&#8212;&#8212;&#8212;&#8212;&#8212;&#8212;&#8212;&#8212;&#8212;&#8212;&#8212;<\/div>\n<div style=\"clear: both; text-align: center;\"><\/div>\n<div style=\"clear: both; text-align: center;\"><span style=\"font-size: large;\">Que diriez vous d&#8217;une petite le\u00e7on de violon avec&nbsp;<a href=\"https:\/\/www.youtube.com\/watch?v=xXI98W0aU2c\" target=\"_blank\" rel=\"noopener\">Kjell Erik Eriksson<\/a>&nbsp;?<\/span><\/div>\n<div style=\"clear: both; text-align: center;\"><span style=\"font-size: large;\"><br \/><\/span><\/div>\n<div style=\"clear: both; text-align: center;\"><span style=\"font-size: large;\">Et il y a des nouvelles vid\u00e9o sur la chaine de&nbsp;<a href=\"https:\/\/www.youtube.com\/channel\/UCM8O5aCPo-uS9nAtJ92ZmAg\/videos\" target=\"_blank\" rel=\"noopener\">Gunnar Stenmark<\/a>&nbsp;!<\/span><\/div>\n<div style=\"clear: both; text-align: center;\"><span style=\"font-size: large;\">Et ceci pour les amateurs de&nbsp;<a href=\"https:\/\/www.youtube.com\/watch?v=K_S8WHSZ0PE\" target=\"_blank\" rel=\"noopener\">h\u00e4rjedalspipa<\/a>&nbsp;il y a un article sur cet instrument sur notre site.<\/span><\/div>\n<div style=\"clear: both; text-align: center;\"><span style=\"font-size: large;\"><br \/><\/span><\/div>\n<div style=\"clear: both; text-align: center;\"><span style=\"font-size: large;\">Grande nouvelle: V\u00e4sen va faire un concert samedi 30 janvier \u00e0 20h <a href=\"https:\/\/www.facebook.com\/V%C3%A4sen-29370993963\/\" target=\"_blank\" rel=\"noopener\" class=\"broken_link\">ici<\/a>.&nbsp;&nbsp;Attention <b>V\u00e4sen<\/b> est devenu un&nbsp;<a href=\"https:\/\/vasen.se\/vasen-news\/\" target=\"_blank\" rel=\"noopener\" class=\"broken_link\">duo<\/a>&#8230;.<\/span><\/div>\n<div style=\"clear: both; text-align: center;\"><span style=\"font-size: large;\">En attendant \u00e9coutez leur <a href=\"https:\/\/www.youtube.com\/watch?fbclid=IwAR1NDdEKOjs2Se1HcJ2fCVpmulJPBSzh9JL4-ciSK7owBX9SE8Vzz0tNcdo&amp;v=NSeraMfUrOQ&amp;feature=youtu.be\" target=\"_blank\" rel=\"noopener\">Adventspolska<\/a>&nbsp;.<\/span><\/div>\n<div style=\"clear: both; text-align: center;\"><span style=\"font-size: large;\">Et un concert o\u00f9 ils \u00e9taient encore 3 \u00e0&nbsp;<a href=\"https:\/\/www.facebook.com\/kulturscenirimbo\/videos\/840015009868606\/\" target=\"_blank\" rel=\"noopener\">Rimbo<\/a>&nbsp;, ils jouent l\u00e0 une Polska compos\u00e9e en pensant \u00e0 <b>Bj\u00f6rn St\u00e5bi<\/b>&#8230;Bison et bien d&#8217;autres choses. La vid\u00e9o d\u00e9marre \u00e0 30 mn par un morceau qui donne la chair de poule&#8230;(<\/span><span>c&#8217;est Typhoon Nozaki qui est sur le dernier album Rule of 3)<\/span><\/div>\n<div style=\"clear: both; text-align: center;\"><span style=\"font-size: large;\">Sur la m\u00eame chaine il y a une autre vid\u00e9o avec<b> Northern Resonance<\/b> un trio aussi avec un nyckelharpa.<\/span><\/div>\n<div style=\"clear: both; text-align: center;\"><span style=\"font-size: large;\">Un autre concert de&nbsp;<a href=\"https:\/\/www.youtube.com\/watch?v=8joIpPUIBrA&amp;feature=youtu.be\" target=\"_blank\" rel=\"noopener\">Northern Resonance<\/a>&nbsp;plus ancien sur Youtube<\/span><\/div>\n<div style=\"clear: both; text-align: center;\"><span style=\"font-size: large;\"><br \/><\/span><\/div>\n<div style=\"clear: both; text-align: center;\"><span style=\"font-size: large;\">Un petit concert pour les amoureux de la&nbsp;<a href=\"https:\/\/www.youtube.com\/watch?v=WObPRR0gDT8\" target=\"_blank\" rel=\"noopener\">harpe<\/a><\/span><\/div>\n<div style=\"clear: both; text-align: center;\"><\/div>\n<div style=\"clear: both; text-align: center;\"><span style=\"font-size: large;\">Il y a en ce moment le festival du film \u00e0 G\u00f6teborg du 29 janv au 8 fev , il y a en guise de s\u00e9ance physique: une spectatrice unique dans un phare sur une \u00eele toute seule face \u00e0 60 films pendant 7 jours, elle poste des&nbsp;<a href=\"https:\/\/goteborgfilmfestival.se\/en\/the-isolated-cinema\/\" target=\"_blank\" rel=\"noopener\" class=\"broken_link\">vid\u00e9os<\/a>&nbsp;chaque jour.<\/span><\/div>\n<div style=\"clear: both; text-align: center;\"><span style=\"font-size: large;\"><br \/><\/span><\/div>\n<div style=\"clear: both; text-align: center;\"><span style=\"font-size: large;\"><br \/><\/span><\/div>\n<div style=\"clear: both; text-align: center;\"><span style=\"font-size: large;\">Lundi 8 f\u00e9vrier \u00e0 19 heures sc\u00e8ne ouverte \u00e0 de jeunes&nbsp;<a href=\"https:\/\/www.facebook.com\/events\/401413011162234\" target=\"_blank\" rel=\"noopener\" class=\"broken_link\">musiciens<\/a><\/span><\/div>\n<div style=\"clear: both; text-align: center;\"><\/div>\n<div style=\"clear: both; text-align: center;\"><a href=\"https:\/\/1.bp.blogspot.com\/-s1jFTAf6J5U\/YB_x_Bt7UKI\/AAAAAAAACY4\/_jGAcF5s_ksdrEf7q9G9RN1dcB0ALx4LgCLcBGAsYHQ\/s515\/Capture%2Bd%25E2%2580%2599e%25CC%2581cran%2B2021-02-07%2Ba%25CC%2580%2B14.49.52.png\" style=\"margin-left: 1em; margin-right: 1em;\"><img loading=\"lazy\" decoding=\"async\" border=\"0\" data-original-height=\"278\" data-original-width=\"515\" height=\"216\" src=\"https:\/\/1.bp.blogspot.com\/-s1jFTAf6J5U\/YB_x_Bt7UKI\/AAAAAAAACY4\/_jGAcF5s_ksdrEf7q9G9RN1dcB0ALx4LgCLcBGAsYHQ\/w400-h216\/Capture%2Bd%25E2%2580%2599e%25CC%2581cran%2B2021-02-07%2Ba%25CC%2580%2B14.49.52.png\" width=\"400\" \/><\/a><\/div>\n<div style=\"clear: both; text-align: center;\"><\/div>\n<div style=\"clear: both; text-align: center;\"><\/div>\n<div><\/div>\n<div><\/div>\n<p><span style=\"font-size: large;\">Et samedi 13&nbsp;f\u00e9vrier \u00e0 20 heures&nbsp;<a href=\"https:\/\/www.facebook.com\/events\/886894705462777\" target=\"_blank\" rel=\"noopener\" class=\"broken_link\">Furuhill<\/a>&nbsp;organis\u00e9 par&nbsp;<a href=\"https:\/\/www.malmofolk.se\/events\/kvartetten-furuhill\/\" target=\"_blank\" rel=\"noopener\">Malm\u00f6 Folk<\/a><\/span><\/p>\n<div><span style=\"font-size: large;\"><br \/><\/span><\/div>\n<div><span style=\"font-size: large;\"><br \/><\/span><\/p>\n<div style=\"clear: both; text-align: center;\"><a href=\"https:\/\/1.bp.blogspot.com\/-UU3ydm3HCpg\/YB_09tBW2yI\/AAAAAAAACZE\/2BKqKfsLC5EYtON8PWKAvo5vjNNEr-XAgCLcBGAsYHQ\/s688\/FURUHILL.png\" style=\"margin-left: 1em; margin-right: 1em;\"><img loading=\"lazy\" decoding=\"async\" border=\"0\" data-original-height=\"366\" data-original-width=\"688\" height=\"213\" src=\"https:\/\/1.bp.blogspot.com\/-UU3ydm3HCpg\/YB_09tBW2yI\/AAAAAAAACZE\/2BKqKfsLC5EYtON8PWKAvo5vjNNEr-XAgCLcBGAsYHQ\/w400-h213\/FURUHILL.png\" width=\"400\" \/><\/a><\/div>\n<div style=\"clear: both; text-align: center;\"><\/div>\n<div style=\"clear: both; text-align: center;\"><\/div>\n<div style=\"clear: both; text-align: center;\"><span style=\"font-size: large;\">Un concert de musique arm\u00e9nienne avec <b>Arsen Petrosyan<\/b> un virtuose du duduk c&#8217;est \u00e0 la <a href=\"https:\/\/sverigesradio.se\/avsnitt\/1666927?fbclid=IwAR0BarYpiUZmFAg9VmIL-qmT06h0umGfpr0mI0SOHxOg6Xh4BYAarwn2Ty0\" target=\"_blank\" rel=\"noopener\" class=\"broken_link\">radio<\/a>&nbsp;su\u00e9doise, ils \u00e9taient \u00e0 Stockholm en mars 2020<\/span><\/div>\n<div style=\"clear: both; text-align: center;\"><span style=\"font-size: large;\"><br \/><\/span><\/div>\n<div style=\"clear: both; text-align: center;\"><span style=\"font-size: large;\">N&#8217;oubliez pas de vous abonner \u00e0 la chaine de&nbsp;<a href=\"https:\/\/www.youtube.com\/channel\/UCtQ5uDjiKo1UCsy6p9wK0Hg\" target=\"_blank\" rel=\"noopener\">Jonas \u00c5kerlund<\/a>&nbsp;avec ses vid\u00e9os un peu spectrales mais avec une musique tr\u00e8s ancr\u00e9e et attachante&#8230;.Il y a l\u00e0 de beaux airs \u00e0 apprendre pour les violonistes.<\/span><\/div>\n<div style=\"clear: both; text-align: center;\"><span style=\"font-size: large;\"><br \/><\/span><\/div>\n<div style=\"clear: both; text-align: center;\"><span style=\"font-size: large;\">C&#8217;est bient\u00f4t le festival de l&#8217;ADEM, l&#8217;occasion de r\u00e9\u00e9couter ou d&#8217;\u00e9couter le tr\u00e8s beau concert que <b>Merline<\/b> avait donn\u00e9 lors des Notes Polaires l&#8217;ann\u00e9e derni\u00e8re( le CMTN \u00e9tait pr\u00e9sent), c&#8217;est \u00e0 la&nbsp;<a href=\"https:\/\/www.rts.ch\/play\/radio\/zanzibar\/audio\/le-duo-merline--anouar-brahem-souvenance?id=11376567&amp;fbclid=IwAR3TA6R8ymcNwuRNJfYHVSXE9Sl391c6nwajQR3d9tmXkw71AoZOL2wTYZE\" target=\"_blank\" rel=\"noopener\">radio<\/a>&nbsp;suisse avec en deuxi\u00e8me partie Anouar Brahem le must au oud!<\/span><\/div>\n<div style=\"clear: both; text-align: center;\"><span style=\"font-size: large;\"><br \/><\/span><\/div>\n<div style=\"clear: both; text-align: center;\">\n<div style=\"clear: both; text-align: center;\"><a href=\"https:\/\/1.bp.blogspot.com\/-fD7Z_iDMbpU\/YChAOGILvwI\/AAAAAAAACZ0\/nuD8rrFnGQ4QRHh_wERX8If1kHFAj34UwCLcBGAsYHQ\/s369\/Capture%2Bd%25E2%2580%2599e%25CC%2581cran%2B2021-02-13%2Ba%25CC%2580%2B22.09.15.png\" style=\"margin-left: 1em; margin-right: 1em;\"><img decoding=\"async\" border=\"0\" data-original-height=\"208\" data-original-width=\"369\" src=\"https:\/\/1.bp.blogspot.com\/-fD7Z_iDMbpU\/YChAOGILvwI\/AAAAAAAACZ0\/nuD8rrFnGQ4QRHh_wERX8If1kHFAj34UwCLcBGAsYHQ\/s320\/Capture%2Bd%25E2%2580%2599e%25CC%2581cran%2B2021-02-13%2Ba%25CC%2580%2B22.09.15.png\" width=\"320\" \/><\/a><\/div>\n<p><span style=\"font-size: large;\"><br \/><\/span><\/div>\n<div style=\"clear: both; text-align: center;\"><span style=\"font-size: large;\">Il y avait aussi <b>Erik Rydvall<\/b> et&nbsp;<a href=\"https:\/\/www.rts.ch\/play\/radio\/zanzibar\/audio\/rydvall-mjelva--jacques-pellen?id=11326019&amp;expandDescription=true\" target=\"_blank\" rel=\"noopener\">Mjelva<\/a>&nbsp;! Suivi de Jacques Pellen super guitariste qui est d\u00e9c\u00e9d\u00e9 du covid&#8230;<\/span><\/div>\n<div style=\"clear: both; text-align: center;\"><span style=\"font-size: large;\">Il y avait aussi une dame finlandaise tr\u00e8s \u00e9tonnante qui jouait du&nbsp;<a href=\"https:\/\/www.rts.ch\/play\/radio\/zanzibar\/audio\/maija-kauhanen--kelly-thoma--7-fish?id=11290726\" target=\"_blank\" rel=\"noopener\">Kant\u00e9l\u00e9<\/a>&nbsp;et qui chantait.D\u00e9p\u00eachez vous bient\u00f4t ces liens ne seront plus valides!<\/span><\/div>\n<div style=\"clear: both; text-align: center;\"><span style=\"font-size: large;\"><br \/><\/span><\/div>\n<div style=\"clear: both; text-align: center;\"><span style=\"font-size: large;\">Quand &nbsp;\u00e7a ira mieux pourquoi pas relier la Laponie en v\u00e9lo ? Voici le r\u00e9cit d&#8217;un tel&nbsp;<a href=\"http:\/\/cyclotopo.fr\/podcast\/\" target=\"_blank\" rel=\"noopener\">voyage<\/a>&nbsp;\u00e0 l&#8217;\u00e9poque du covid!&nbsp;(L\u00e9a de Paris \u00e0 la Laponie)<\/span><\/div>\n<div style=\"clear: both; text-align: center;\"><span style=\"font-size: large;\"><br \/><\/span><\/div>\n<div style=\"clear: both; text-align: center;\"><span style=\"font-size: large;\">Pour ceux qui ont du temps, un ensemble de cordes tr\u00e8s&nbsp;<a href=\"https:\/\/www.muziekgebouw.nl\/agenda\/10504\/Dudok_Quartet\/Kreupele_duivels\/\" target=\"_blank\" rel=\"noopener\">inspir\u00e9<\/a>&nbsp;\u00e0 \u00e9couter jusqu&#8217;au 11 mars.<\/span><\/div>\n<div style=\"clear: both; text-align: center;\"><span style=\"font-size: large;\"><br \/><\/span><\/div>\n<div style=\"clear: both; text-align: center;\"><span style=\"font-size: large;\">C&#8217;est <b><span style=\"color: #ff00fe;\">Mardi Gras<\/span><\/b>! Cela passe inaper\u00e7u en France mais en Lituanie c&#8217;est encore tr\u00e8s&nbsp;<a href=\"https:\/\/voyages.ideoz.fr\/uzgavenes-carnaval-fete-lituanie-tradition\/\" target=\"_blank\" rel=\"noopener\">vivace<\/a><\/span><\/div>\n<div style=\"clear: both; text-align: center;\"><span style=\"font-size: large;\"><br \/><\/span><\/div>\n<div style=\"clear: both; text-align: center;\"><span style=\"font-size: large;\"><br \/><\/span><\/div>\n<div style=\"clear: both; text-align: center;\">\n<div style=\"clear: both; text-align: center;\"><a href=\"https:\/\/1.bp.blogspot.com\/-KR5ti3Ol6bA\/YCwITYk0dYI\/AAAAAAAACaA\/1iI3XLyGuuYiuuEjCw4cmsYzb6IfX5MQACLcBGAsYHQ\/s381\/Capture%2Bd%25E2%2580%2599e%25CC%2581cran%2B2021-02-16%2Ba%25CC%2580%2B18.55.47.png\" style=\"margin-left: 1em; margin-right: 1em;\"><img decoding=\"async\" border=\"0\" data-original-height=\"381\" data-original-width=\"327\" height=\"320\" src=\"https:\/\/1.bp.blogspot.com\/-KR5ti3Ol6bA\/YCwITYk0dYI\/AAAAAAAACaA\/1iI3XLyGuuYiuuEjCw4cmsYzb6IfX5MQACLcBGAsYHQ\/s320\/Capture%2Bd%25E2%2580%2599e%25CC%2581cran%2B2021-02-16%2Ba%25CC%2580%2B18.55.47.png\" \/><\/a><\/div>\n<p><\/div>\n<div style=\"clear: both; text-align: center;\"><span style=\"font-size: large;\">Et on a une pens\u00e9e \u00e9mue pour nos amis italiens de Bagolino qui ne pourront pas faire carnaval cette ann\u00e9e encore&#8230;.<\/span><\/div>\n<div style=\"clear: both; text-align: center;\"><span style=\"font-size: large;\"><br \/><\/span><\/div>\n<div style=\"clear: both; text-align: center;\">\n<div style=\"clear: both; text-align: center;\"><iframe loading=\"lazy\" allowfullscreen=\"\" height=\"336\" src=\"https:\/\/www.youtube.com\/embed\/nZDqN4tC1lo\" width=\"461\" youtube-src-><\/iframe><\/div>\n<div style=\"clear: both; text-align: center;\"><\/div>\n<div style=\"clear: both; text-align: center;\"><\/div>\n<p><span style=\"font-size: large;\"><span style=\"background-color: white; caret-color: rgb(32, 35, 70); color: #202346; font-family: &quot;Source Serif Pro&quot;, &quot;Times New Roman&quot;, serif; font-weight: 600; text-align: start;\">Hreinn Fri\u00f0finnsson <\/span><span style=\"background-color: white; caret-color: rgb(32, 35, 70); color: #202346; font-family: &quot;Source Serif Pro&quot;, &quot;Times New Roman&quot;, serif; text-align: start;\">est un artiste islandais qui a expos\u00e9 \u00e0&nbsp;<a href=\"https:\/\/www.tdg.ch\/culture\/hreinn-frifinnsson-mue-epure-miracle\/story\/17063113\" target=\"_blank\" rel=\"noopener\">Gen\u00e8ve<\/a>,&nbsp;\u00e0 la fin de l&#8217;article il y a un lien pour une visite virtuelle de ce mus\u00e9e.<\/span><\/span><\/div>\n<div style=\"clear: both; text-align: center;\"><span style=\"font-size: large;\"><br \/><\/span><\/div>\n<div style=\"clear: both; text-align: center;\">\n<div style=\"clear: both; text-align: center;\"><a href=\"https:\/\/1.bp.blogspot.com\/-5WoQeXZqgtI\/YC2amDPrN_I\/AAAAAAAACaY\/mToa9vCStWARj3-pFdehPcS1PCkxkCoIQCLcBGAsYHQ\/s749\/Capture%2Bd%25E2%2580%2599e%25CC%2581cran%2B2021-02-17%2Ba%25CC%2580%2B22.55.51.png\" style=\"margin-left: 1em; margin-right: 1em;\"><img loading=\"lazy\" decoding=\"async\" border=\"0\" data-original-height=\"501\" data-original-width=\"749\" height=\"268\" src=\"https:\/\/1.bp.blogspot.com\/-5WoQeXZqgtI\/YC2amDPrN_I\/AAAAAAAACaY\/mToa9vCStWARj3-pFdehPcS1PCkxkCoIQCLcBGAsYHQ\/w400-h268\/Capture%2Bd%25E2%2580%2599e%25CC%2581cran%2B2021-02-17%2Ba%25CC%2580%2B22.55.51.png\" width=\"400\" \/><\/a>t<\/div>\n<div style=\"clear: both; text-align: center;\"><\/div>\n<p><span style=\"font-size: x-large;\"><b>Les concerts de ce week-end<\/b><\/span><span style=\"font-size: large;\"> :<\/span><\/div>\n<div style=\"clear: both; text-align: center;\"><span style=\"font-size: large;\"><a href=\"https:\/\/www.facebook.com\/events\/212963323855719\" target=\"_blank\" rel=\"noopener\" class=\"broken_link\">V\u00e4sen<\/a>&nbsp;le samedi 20&nbsp;f\u00e9vrier \u00e0 20h le&nbsp;th\u00e8me&nbsp;sera<b> Erik Sahlstr\u00f6m<\/b> et il parleront aussi du&nbsp;violoncello da spella&#8230;.<\/span><\/div>\n<div style=\"clear: both; text-align: center;\"><span style=\"font-size: large;\"><br \/><\/span><\/div>\n<div style=\"clear: both; text-align: center;\"><span style=\"font-size: large;\"><a href=\"https:\/\/triakel.ticketco.events\/se\/sv\/e\/ulrikas_minne?fbclid=IwAR0kyLKkZLVMI78i1WYFfdLmGJ37qCiYJFIc11HgyyjY_dOeZDXZEZNno0c\" target=\"_blank\" rel=\"noopener\" class=\"broken_link\">Triakel<\/a>&nbsp;le samedi 20&nbsp;f\u00e9vrier \u00e0 19h30, tr\u00e8s beau trio avec un harmonium et la jolie voix d<b>&#8216;Emma H\u00e4rdelin<\/b> et bien sur <b>Kjell-Erik Eriksson<\/b>, c&#8217;est leur premier concert de l&#8217;ann\u00e9e. Ce concert est payant, mais avec les&nbsp;\u00e9conomies qu&#8217;on a faites depuis un an sur les concerts c&#8217;est tr\u00e8s abordable et \u00e7a aide les musiciens.<\/span><\/div>\n<div style=\"clear: both; text-align: center;\"><span style=\"font-size: large;\">Vous avez rat\u00e9 ce concert, vous pouvez acheter le CD&nbsp;<a href=\"https:\/\/massproduktion.shop.textalk.se\/en\/cd\/triakel-ulrikas-minne-sanger-fran-frostviken-album.html\" target=\"_blank\" rel=\"noopener\">ici<\/a>, ce CD comprend des chansons d&#8217;Ulrika chanteuse du si\u00e8cle dernier.<\/span><\/div>\n<div style=\"clear: both; text-align: center;\"><span style=\"font-size: large;\"><br \/><\/span><\/div>\n<div style=\"clear: both; text-align: center;\">\n<div style=\"clear: both; text-align: center;\"><a href=\"https:\/\/1.bp.blogspot.com\/-yYL6rzlBcGs\/YC5T4UvqrwI\/AAAAAAAACao\/b1wYRZi1bmkiEGZn8SaCHKB5NGVKb1UjwCLcBGAsYHQ\/s487\/Capture%2Bd%25E2%2580%2599e%25CC%2581cran%2B2021-02-18%2Ba%25CC%2580%2B12.33.35.png\" style=\"margin-left: 1em; margin-right: 1em;\"><img loading=\"lazy\" decoding=\"async\" border=\"0\" data-original-height=\"411\" data-original-width=\"487\" height=\"338\" src=\"https:\/\/1.bp.blogspot.com\/-yYL6rzlBcGs\/YC5T4UvqrwI\/AAAAAAAACao\/b1wYRZi1bmkiEGZn8SaCHKB5NGVKb1UjwCLcBGAsYHQ\/w400-h338\/Capture%2Bd%25E2%2580%2599e%25CC%2581cran%2B2021-02-18%2Ba%25CC%2580%2B12.33.35.png\" width=\"400\" \/><\/a><\/div>\n<div style=\"clear: both; text-align: center;\"><\/div>\n<div style=\"clear: both; text-align: center;\"><\/div>\n<div style=\"clear: both; text-align: center;\"><\/div>\n<p><span style=\"font-size: large;\"><b>Mauvaise nouvelle: pas de Gennetines cette ann\u00e9e!<\/b><\/span><\/div>\n<div style=\"clear: both; text-align: center;\"><span style=\"font-size: large;\"><b><br \/><\/b><\/span><\/div>\n<div style=\"clear: both; text-align: center;\"><span style=\"font-size: large;\"><br \/><\/span><\/div>\n<div style=\"clear: both; text-align: center;\"><span style=\"font-size: large;\">Une<b>&nbsp;bonne nouvelle<\/b>&nbsp;: <b>Maria Jonsson<\/b> a obtenu le Delecarlia Musik Award, une belle r\u00e9compense pour son travail. Maria Jonsson a \u00e9t\u00e9 un membre fondateur de&nbsp;<a href=\"https:\/\/asso-cmtn.blogspot.com\/2021\/02\/svart-kaffe.html?view=flipcard\" target=\"_blank\" rel=\"noopener\">Svart Kaffe<\/a>. On avait particip\u00e9 \u00e0 un de ses stages de violon \u00e0 Br\u00e9tigny, tr\u00e8s enrichissant!<\/span><\/div>\n<div style=\"clear: both; text-align: center;\"><span style=\"font-size: large;\"><br \/><\/span><\/div>\n<div style=\"clear: both; text-align: center;\">\n<div style=\"clear: both; text-align: center;\"><a href=\"https:\/\/1.bp.blogspot.com\/-KUjlICUQ8IU\/YC6uAA1MzkI\/AAAAAAAACa0\/bZkBJpYx-7U3lyNnmmUgjQmjXpA9qSxcQCLcBGAsYHQ\/s518\/Capture%2Bd%25E2%2580%2599e%25CC%2581cran%2B2021-02-18%2Ba%25CC%2580%2B17.51.56.png\" style=\"margin-left: 1em; margin-right: 1em;\"><img decoding=\"async\" border=\"0\" data-original-height=\"509\" data-original-width=\"518\" src=\"https:\/\/1.bp.blogspot.com\/-KUjlICUQ8IU\/YC6uAA1MzkI\/AAAAAAAACa0\/bZkBJpYx-7U3lyNnmmUgjQmjXpA9qSxcQCLcBGAsYHQ\/s320\/Capture%2Bd%25E2%2580%2599e%25CC%2581cran%2B2021-02-18%2Ba%25CC%2580%2B17.51.56.png\" width=\"320\" \/><\/a><\/div>\n<div style=\"clear: both; text-align: center;\"><\/div>\n<div style=\"clear: both; text-align: center;\"><span style=\"font-size: large;\">Voici sa&nbsp;<a href=\"https:\/\/www.youtube.com\/user\/MariaJonssonMusik\" target=\"_blank\" rel=\"noopener\">chaine<\/a>&nbsp;you tube et aussi un retour vers le&nbsp;<a href=\"https:\/\/langtbortiskogen.com\/\" target=\"_blank\" rel=\"noopener\">pass\u00e9<\/a>, cherchez &nbsp; &nbsp; &nbsp; &nbsp; &nbsp;<b>Jean-Pierre Yvert<\/b> sur ce site, il est bien cach\u00e9!<\/span><\/div>\n<div style=\"clear: both; text-align: center;\"><span style=\"font-size: large;\">Puisqu&#8217;on parle de Jean-Pierre voici une pols:<\/span><\/div>\n<div style=\"clear: both; text-align: center;\"><span style=\"font-size: large;\"><br \/><\/span><\/div>\n<div style=\"clear: both; text-align: center;\">\n<div style=\"clear: both; text-align: center;\"><iframe loading=\"lazy\" allowfullscreen=\"\" height=\"332\" src=\"https:\/\/www.youtube.com\/embed\/8ipCE-8IIkc\" width=\"442\" youtube-src-><\/iframe><\/div>\n<p><span style=\"font-size: large;\"><br \/><\/span><\/div>\n<p><span style=\"font-size: large;\"><br \/><span><br \/><\/span><\/span><\/div>\n<div style=\"clear: both; text-align: center;\"><span style=\"font-size: large;\">Info importante pour les violonistes: demain \u00e0 19 heures un cours gratuit sur&nbsp;<a href=\"https:\/\/www.fotm.be\/workshops\/\" target=\"_blank\" rel=\"noopener\">internet<\/a>&nbsp;avec <b>Mia Marin<\/b> et 3 autres professeurs!<\/span><\/div>\n<div style=\"clear: both; text-align: center;\"><span style=\"font-size: large;\">Le cours avec Mia est \u00e0 22 heures.<\/span><\/div>\n<div style=\"clear: both; text-align: center;\"><span style=\"font-size: large;\">Vous avez rat\u00e9 la le\u00e7on de Mia, pas de stress \u00e7a reste en ligne et franchement c&#8217;est vraiment bien ,les deux airs choisis sont magnifiques!<\/span><\/div>\n<div style=\"clear: both; text-align: center;\"><span style=\"font-size: large;\"><br \/><\/span><\/div>\n<div style=\"clear: both; text-align: center;\"><span style=\"font-size: large;\">Pour ce soir(22 fev) un petit&nbsp;<a href=\"https:\/\/www.facebook.com\/events\/161063562491765?acontext=%7B%22event_action_history%22%3A%5B%7B%22mechanism%22%3A%22your_upcoming_events_unit%22%2C%22surface%22%3A%22bookmark%22%7D%5D%7D\" target=\"_blank\" rel=\"noopener\" class=\"broken_link\">concert<\/a>&nbsp;\u00e0 19h avec<b> Michelle Johansson<\/b>, <b>Myrmekkra<\/b> et <b>Ida Hellsten<\/b>.<\/span><\/div>\n<div style=\"clear: both; text-align: center;\"><span style=\"font-size: large;\">C&#8217;est trop tard mais on peut toujours regarder la vid\u00e9o&#8230;<\/span><\/div>\n<div style=\"clear: both; text-align: center;\"><span style=\"font-size: large;\"><br \/><\/span><\/div>\n<div style=\"clear: both; text-align: center;\">\n<div style=\"clear: both; text-align: center;\"><a href=\"https:\/\/1.bp.blogspot.com\/-1OQ1qasCXvc\/YDN72zVY1tI\/AAAAAAAACbA\/I7B9fGgZBOkVoNPHVkDCtJlpeMxHA3qjQCLcBGAsYHQ\/s446\/Capture%2Bd%25E2%2580%2599e%25CC%2581cran%2B2021-02-22%2Ba%25CC%2580%2B10.38.21.png\" style=\"margin-left: 1em; margin-right: 1em;\"><img loading=\"lazy\" decoding=\"async\" border=\"0\" data-original-height=\"446\" data-original-width=\"411\" height=\"400\" src=\"https:\/\/1.bp.blogspot.com\/-1OQ1qasCXvc\/YDN72zVY1tI\/AAAAAAAACbA\/I7B9fGgZBOkVoNPHVkDCtJlpeMxHA3qjQCLcBGAsYHQ\/w369-h400\/Capture%2Bd%25E2%2580%2599e%25CC%2581cran%2B2021-02-22%2Ba%25CC%2580%2B10.38.21.png\" width=\"369\" \/><\/a><\/div>\n<div style=\"clear: both; text-align: center;\"><\/div>\n<div style=\"clear: both; text-align: center;\"><span style=\"font-size: large;\">Cours de chant avec<b> Emma H\u00e4rdelin<\/b>, la chanteuse de Triakel \u00e0 partir du 7&nbsp;<a href=\"https:\/\/swedishsonggames.info\/swedish-song-workshops\" target=\"_blank\" rel=\"noopener\" class=\"broken_link\">mars<\/a>. Ces cours sont \u00e0 5$ minimum ou plus, il faut s&#8217;enregistrer sur site pour recevoir les documents p\u00e9dagogiques.<\/span><\/div>\n<div style=\"clear: both; text-align: center;\"><span style=\"font-size: large;\"><br \/><\/span><\/div>\n<div style=\"clear: both; text-align: center;\"><span style=\"font-size: large;\">Ce week-end grand festival \u00e0 Ume\u00e5, c&#8217;est tout au nord de la Su\u00e8de, il y a un peu de tout, en groupe su\u00e9dois il y a <b>Ranarin <\/b>le vendredi 26 fev soir on ne sait pas \u00e0 quelle heure vu qu&#8217;il y a pleins de groupes.<\/span><\/div>\n<div style=\"clear: both; text-align: center;\"><span style=\"font-size: large;\"><br \/><\/span><\/div>\n<div style=\"clear: both; text-align: center;\">\n<div style=\"clear: both; text-align: center;\"><iframe loading=\"lazy\" allowfullscreen=\"\" height=\"352\" src=\"https:\/\/www.youtube.com\/embed\/U7wXcJiGH-o\" width=\"468\" youtube-src-><\/iframe><\/div>\n<div style=\"clear: both; text-align: center;\"><span style=\"font-size: large;\"><br \/><\/span><\/div>\n<div style=\"clear: both; text-align: center;\"><span style=\"font-size: large;\">Il y a aussi des ateliers musiques gratuits le samedi avec <b>Torbj\u00f6rn N\u00e4sbom<\/b> au nyckelharpa, chant avec <b>Eva Lestander<\/b> (Kraja) et m\u00eame du&nbsp;diatonique \ud83d\ude03.<\/span><\/div>\n<div style=\"clear: both; text-align: center;\"><span style=\"font-size: large;\">Le vendredi violon avec <b>Magdelena Eriksson<\/b>.<\/span><\/div>\n<div style=\"clear: both; text-align: center;\"><span style=\"font-size: large;\">Pour le concert et les ateliers allez sur le site&nbsp;<\/span><a href=\"https:\/\/umefolk.com\/sv\/program?fbclid=IwAR3REtovxP_CLxqwEEzPwIbhMdMRdMqhVpXwiGEwXJ2RTkoSPG5syR1B7GA\" target=\"_blank\" rel=\"noopener\"><span style=\"font-size: large;\">Ume<\/span><span style=\"font-size: x-small;\">o<\/span><span style=\"font-size: large;\">folk<\/span><\/a><\/div>\n<div style=\"clear: both; text-align: center;\"><span style=\"font-size: large;\">Cet \u00e9v\u00e8nement est pass\u00e9 il reste la&nbsp;<a href=\"https:\/\/www.facebook.com\/441044830454\/videos\/232223335170007\" target=\"_blank\" rel=\"noopener\">vid\u00e9o<\/a>, le groupe su\u00e9dois est \u00e0 la fin.<\/span><\/div>\n<div style=\"clear: both; text-align: center;\"><span style=\"font-size: large;\">On entend meme un rigodon au d\u00e9but! Et de la musique indienne .<\/span><\/div>\n<div style=\"clear: both; text-align: center;\"><span style=\"font-size: large;\">Il y a aussi une version&nbsp;<a href=\"https:\/\/www.youtube.com\/watch?fbclid=IwAR0JOePhLKS6G_6DzzZRycD7--ntfjWNpiq5Dm3fO72gnFfd8Z8ukqaFHMQ&amp;v=Z67UYmDaqm0&amp;feature=youtu.be\" target=\"_blank\" rel=\"noopener\">youtub<\/a><\/span><\/div>\n<div style=\"clear: both; text-align: center;\"><span style=\"font-size: large;\"><br \/><\/span><\/div>\n<div style=\"clear: both; text-align: center;\"><span style=\"font-size: large;\">Attendez ,c&#8217;est pas tout : un grand groupe finlandais qu&#8217;on connait peu en France: <b>FRIGG<\/b> sur cette&nbsp;<a href=\"https:\/\/www.youtube.com\/watch?fbclid=IwAR3AGbgsr504EzxqRLricb3qTBQblTEp7pjiwdsg9SqU9ATxE59WWldvr4A&amp;v=HjLtpGv7wKI&amp;feature=youtu.be\" target=\"_blank\" rel=\"noopener\">chaine<\/a>&nbsp;c&#8217;est samedi \u00e0 partir de 14 heures, attention \u00e7a d\u00e9m\u00e9nage!<\/span><\/div>\n<div style=\"clear: both; text-align: center;\"><span style=\"font-size: large;\"><br \/><\/span><\/div>\n<div style=\"clear: both; text-align: center;\"><span style=\"font-size: large;\"><br \/><\/span><\/div>\n<div style=\"clear: both; text-align: center;\">\n<div style=\"clear: both; text-align: center;\"><iframe loading=\"lazy\" allowfullscreen=\"\" height=\"365\" src=\"https:\/\/www.youtube.com\/embed\/77lw3hp9q7M\" width=\"522\" youtube-src-><\/iframe><\/div>\n<div style=\"clear: both; text-align: center;\"><\/div>\n<div style=\"clear: both; text-align: center;\"><\/div>\n<div style=\"clear: both; text-align: center;\"><\/div>\n<div style=\"clear: both; text-align: center;\"><span style=\"font-size: large;\">Il y avait aussi le trio vocal&nbsp;<a href=\"https:\/\/www.facebook.com\/folkmusikkafeet\/videos\/1902981616516541\" target=\"_blank\" rel=\"noopener\">&nbsp;ROP<\/a>&nbsp;\u00e0 G\u00f6teborg, elles pr\u00e9parent leur premier album&#8230;<\/span><\/div>\n<div style=\"clear: both; text-align: center;\"><span style=\"font-size: large;\"><br \/><\/span><\/div>\n<div style=\"clear: both; text-align: center;\"><span style=\"font-size: large;\">Un concert bien sympathique et plein de jeunesse avec&nbsp;<a href=\"https:\/\/www.youtube.com\/watch?v=NbLif5r-TrI\" target=\"_blank\" rel=\"noopener\">Tung Gung<\/a><\/span><\/div>\n<div style=\"clear: both; text-align: center;\"><\/div>\n<div style=\"clear: both; text-align: center;\">S<span style=\"font-size: large;\">amedi \u00e0 la t\u00e9l\u00e9 flamande un beau concert de musique baroque avec une polska. Il faut s&#8217;inscrire sur le site de la&nbsp;<a href=\"https:\/\/www.vrt.be\/vrtnu\/a-z\/de-twintigers\/\" target=\"_blank\" rel=\"noopener\">VRT NU<\/a>&nbsp;c&#8217;est gratuit, c&#8217;est l&#8217;\u00e9mission De Twintigers.<\/span><\/div>\n<div style=\"clear: both; text-align: center;\"><span style=\"font-size: large;\"><br \/><\/span><\/div>\n<div style=\"clear: both; text-align: center;\">\n<div style=\"clear: both; text-align: center;\"><a href=\"https:\/\/1.bp.blogspot.com\/-No7a5fIHQWU\/YENbRPExqKI\/AAAAAAAACbc\/QGCJLwf1WyYYGpNx2GCEkOC8YbLoqNXzACLcBGAsYHQ\/s688\/Capture%2Bd%25E2%2580%2599e%25CC%2581cran%2B2021-03-06%2Ba%25CC%2580%2B11.35.54.png\" style=\"margin-left: 1em; margin-right: 1em;\"><img loading=\"lazy\" decoding=\"async\" border=\"0\" data-original-height=\"303\" data-original-width=\"688\" height=\"176\" src=\"https:\/\/1.bp.blogspot.com\/-No7a5fIHQWU\/YENbRPExqKI\/AAAAAAAACbc\/QGCJLwf1WyYYGpNx2GCEkOC8YbLoqNXzACLcBGAsYHQ\/w400-h176\/Capture%2Bd%25E2%2580%2599e%25CC%2581cran%2B2021-03-06%2Ba%25CC%2580%2B11.35.54.png\" width=\"400\" \/><\/a><\/div>\n<div style=\"clear: both; text-align: center;\"><\/div>\n<div style=\"clear: both; text-align: center;\"><span style=\"font-size: large;\">Et Northern Resonance sur&nbsp;<a href=\"https:\/\/www.facebook.com\/watch\/live\/?v=2936576443227779&amp;ref=notif&amp;notif_id=1615057049688293&amp;notif_t=live_video_explicit\" target=\"_blank\" rel=\"noopener\" class=\"broken_link\">Stallet<\/a><\/span><\/div>\n<div style=\"clear: both; text-align: center;\"><\/div>\n<div style=\"clear: both; text-align: center;\"><span style=\"font-size: large;\">Et pour les amoureux de la vielle \u00e0 roue un ancien concert de&nbsp;<a href=\"https:\/\/www.facebook.com\/149136525109547\/videos\/235802860966487\" target=\"_blank\" rel=\"noopener\">Symbio<\/a><\/span><\/div>\n<div style=\"clear: both; text-align: center;\"><\/div>\n<div style=\"clear: both; text-align: center;\">Cet article est termin\u00e9 pour la suite il faut consulter les &#8220;chroniques martiennes&#8221;<\/div>\n<p><span style=\"font-size: large;\"><br \/><\/span><\/div>\n<p><span style=\"font-size: large;\"><br \/><\/span><\/div>\n<p><span style=\"font-size: large;\"><br \/><\/span><\/div>\n<p><span style=\"font-size: large;\"><br \/><\/span><\/div>\n<div style=\"clear: both; text-align: center;\"><span style=\"font-size: large;\"><b><br \/><\/b><\/span><\/div>\n<div style=\"clear: both; text-align: center;\"><span style=\"font-size: large;\"><br \/><\/span><span style=\"font-size: large;\"><br \/><\/span><span style=\"font-size: large;\"><br \/><\/span><\/div>\n<p><\/p>\n<div style=\"clear: both; text-align: center;\"><\/div>\n<div style=\"clear: both; text-align: center;\"><\/div>\n<p><\/p>\n<div style=\"clear: both; text-align: center;\"><\/div>\n<p><\/p>\n<p><\/p>\n<p><span style=\"font-size: medium;\"><br \/><\/span><\/p>\n<p><span style=\"font-size: medium;\"><br \/><\/span><\/p>\n<p><span style=\"font-size: medium;\"><br \/><\/span><\/p>\n<p><span style=\"font-size: medium;\"><br \/><\/span><\/p>\n<p><span style=\"font-size: medium;\"><br \/><\/span><\/p>\n<\/div>\n","protected":false},"excerpt":{"rendered":"<p class=\"text-justify\">&nbsp; &nbsp; &nbsp; &nbsp; &nbsp; &nbsp; &nbsp; &nbsp; &nbsp; &nbsp; &nbsp; &nbsp; &nbsp; &nbsp; &nbsp; &nbsp; &nbsp; &nbsp; &nbsp; &nbsp; &nbsp; &nbsp; [&hellip;]<\/p>\n","protected":false},"author":1,"featured_media":783,"comment_status":"open","ping_status":"open","sticky":false,"template":"","format":"standard","meta":{"footnotes":""},"categories":[2,7,8],"tags":[],"class_list":["post-51","post","type-post","status-publish","format-standard","has-post-thumbnail","hentry","category-chroniques","category-evenements","category-musiciens-nordiques"],"_links":{"self":[{"href":"https:\/\/cmtn-scandinavie.fr\/index.php\/wp-json\/wp\/v2\/posts\/51","targetHints":{"allow":["GET"]}}],"collection":[{"href":"https:\/\/cmtn-scandinavie.fr\/index.php\/wp-json\/wp\/v2\/posts"}],"about":[{"href":"https:\/\/cmtn-scandinavie.fr\/index.php\/wp-json\/wp\/v2\/types\/post"}],"author":[{"embeddable":true,"href":"https:\/\/cmtn-scandinavie.fr\/index.php\/wp-json\/wp\/v2\/users\/1"}],"replies":[{"embeddable":true,"href":"https:\/\/cmtn-scandinavie.fr\/index.php\/wp-json\/wp\/v2\/comments?post=51"}],"version-history":[{"count":1,"href":"https:\/\/cmtn-scandinavie.fr\/index.php\/wp-json\/wp\/v2\/posts\/51\/revisions"}],"predecessor-version":[{"id":785,"href":"https:\/\/cmtn-scandinavie.fr\/index.php\/wp-json\/wp\/v2\/posts\/51\/revisions\/785"}],"wp:featuredmedia":[{"embeddable":true,"href":"https:\/\/cmtn-scandinavie.fr\/index.php\/wp-json\/wp\/v2\/media\/783"}],"wp:attachment":[{"href":"https:\/\/cmtn-scandinavie.fr\/index.php\/wp-json\/wp\/v2\/media?parent=51"}],"wp:term":[{"taxonomy":"category","embeddable":true,"href":"https:\/\/cmtn-scandinavie.fr\/index.php\/wp-json\/wp\/v2\/categories?post=51"},{"taxonomy":"post_tag","embeddable":true,"href":"https:\/\/cmtn-scandinavie.fr\/index.php\/wp-json\/wp\/v2\/tags?post=51"}],"curies":[{"name":"wp","href":"https:\/\/api.w.org\/{rel}","templated":true}]}}