{"id":60,"date":"2020-06-29T07:18:00","date_gmt":"2020-06-29T05:18:00","guid":{"rendered":"https:\/\/cmtn-scandinavie.fr\/index.php\/2020\/06\/29\/stage-de-nyckelharpa-et-de-musique-suedoise-les-3-et-4-octobre-2020\/"},"modified":"2020-06-29T07:18:00","modified_gmt":"2020-06-29T05:18:00","slug":"stage-de-nyckelharpa-et-de-musique-suedoise-les-3-et-4-octobre-2020","status":"publish","type":"post","link":"https:\/\/cmtn-scandinavie.fr\/index.php\/2020\/06\/29\/stage-de-nyckelharpa-et-de-musique-suedoise-les-3-et-4-octobre-2020\/","title":{"rendered":"Stage de nyckelharpa et de musique su\u00e9doise les 3 et 4 octobre 2020"},"content":{"rendered":"<div style=\"margin-bottom: 0cm; text-align: center;\">\n<div style=\"text-align: center;\">\n<b><u><span style=\"font-size: x-large;\">Stage de nyckelharpa et de musique su\u00e9doise<\/span><\/u><\/b><\/div>\n<div style=\"text-align: center;\">\n<\/div>\n<div style=\"text-align: center;\">\n<span style=\"font-size: large;\">Samedi 3 et dimanche 4 octobre 2020<\/span><\/div>\n<div style=\"text-align: center;\">\n<span style=\"font-size: large;\"><br \/><\/span><\/div>\n<div style=\"clear: both; text-align: center;\">\n<a href=\"https:\/\/1.bp.blogspot.com\/-flhTrxCdKSw\/XvmG_MNfjHI\/AAAAAAAAB4w\/3bLEAYNmkrAzOAnFEl_dkx3uVPPphpG_gCLcBGAsYHQ\/s1600\/quatre.jpg\" style=\"margin-left: 1em; margin-right: 1em;\"><img loading=\"lazy\" decoding=\"async\" border=\"0\" data-original-height=\"290\" data-original-width=\"1600\" height=\"116\" src=\"https:\/\/1.bp.blogspot.com\/-flhTrxCdKSw\/XvmG_MNfjHI\/AAAAAAAAB4w\/3bLEAYNmkrAzOAnFEl_dkx3uVPPphpG_gCLcBGAsYHQ\/s640\/quatre.jpg\" width=\"640\" \/><\/a><\/div>\n<div style=\"text-align: center;\">\n<\/div>\n<div style=\"text-align: center;\">\nOrganisation Association \u00ab Terre de Musiques \u00bb<\/div>\n<div style=\"text-align: center;\">\n<\/div>\n<div style=\"text-align: center;\">\n<u>Lieu Locaux de l&#8217;association \u00ab Les Brayauds-CDMDT63 \u00bb<\/u><\/div>\n<div style=\"text-align: center;\">\nLe Gamounet&nbsp;<\/div>\n<div style=\"text-align: center;\">\n40 rue de la R\u00e9publique<\/div>\n<div style=\"text-align: center;\">\n63200 SAINT BONNET PRES RIOM<\/div>\n<div style=\"text-align: center;\">\n04 73 63 36 75<\/div>\n<div style=\"text-align: center;\">\nbrayauds@wanadoo.fr<\/div>\n<div style=\"text-align: center;\">\nhttp:\/\/brayauds.fr\/<\/div>\n<div style=\"text-align: center;\">\n<\/div>\n<div style=\"text-align: center;\">\nR\u00e9pertoire su\u00e9dois<br \/>\n(certains morceaux transmis \u00e0 l&#8217;avance par les animatrices).<\/div>\n<div style=\"text-align: center;\">\n<\/div>\n<p>Nyckelharpa D\u00e9couverte<br \/>\n<a href=\"https:\/\/asso-cmtn.blogspot.com\/2016\/02\/luthier-jean-claude-condi.html\"><b>Jean-Claude Condi<\/b><\/a><\/p>\n<p>Nyckelharpa D\u00e9butants et interm\u00e9diaires<br \/>\n<b>Chlo\u00e9 Chaumeron<\/b><\/p>\n<p>Nyckelharpa Confirm\u00e9s<br \/>\n<b>El\u00e9onore Billy<\/b><br \/>\n<b><br \/><\/b><br \/>\nMusique d\u2019ensemble Multi instruments<br \/>\n<b>Jenny Demaret<\/b><\/p>\n<div style=\"text-align: center;\">\n<\/div>\n<div style=\"text-align: center;\">\nFrais p\u00e9dagogiques 75 \u20ac<\/div>\n<div style=\"text-align: center;\">\nHoraires Samedi 9 h 30 \u2013 12 h 30 14 h 30 \u2013 17 h 30<\/div>\n<div style=\"text-align: center;\">\nDimanche 9 h 30 \u2013 12 h 30<\/div>\n<div style=\"text-align: center;\">\n<\/div>\n<div style=\"text-align: center;\">\n<b><u>Environnement<\/u><\/b><\/div>\n<div style=\"text-align: center;\">\nCette ann\u00e9e, ce stage se d\u00e9roulera lors d\u2019un week-end pendant lequel il n\u2019y aura pas de bal.<\/div>\n<div style=\"text-align: center;\">\nL\u2019h\u00e9bergement peut se faire, comme d\u2019habitude, dans les locaux de l\u2019association.<\/div>\n<div style=\"text-align: center;\">\nConcernant les repas, nous serons en autonomie mais la cuisine est \u00e0 notre disposition.<\/div>\n<div style=\"text-align: center;\">\nConcert de musique su\u00e9doise. Les animateurs et les stagiaires volontaires animeront un concert le samedi soir. Le r\u00e9pertoire du concert sera choisi par les animatrices et transmis aux stagiaires \u00e0 l\u2019avance.<\/div>\n<div style=\"text-align: center;\">\n<\/div>\n<div style=\"text-align: center;\">\n<b><u>H\u00e9bergement<\/u><\/b><\/div>\n<div style=\"text-align: center;\">\n1 ou 2 nuit\u00e9es dans la limite des places disponibles&nbsp;<\/div>\n<div style=\"text-align: center;\">\ndans les locaux de l&#8217;association \u00ab Les Brayauds-CDMDT63 \u00bb.<\/div>\n<div style=\"text-align: center;\">\nLes draps et les couvertures sont fournis.<\/div>\n<div style=\"text-align: center;\">\nSi vous pr\u00e9f\u00e9rez un autre h\u00e9bergement, nous avons des adresses \u00e0 votre disposition.<\/div>\n<div style=\"text-align: center;\">\n<\/div>\n<div style=\"text-align: center;\">\n<b><u>Repas<\/u><\/b><\/div>\n<div style=\"text-align: center;\">\nChacun apporte mets et boissons \u00e0 partager. Une boulangerie et une \u00e9picerie, ouvertes le samedi et<\/div>\n<div style=\"text-align: center;\">\nle dimanche matin, se trouvent dans le village. Il n\u2019y a pas de distributeur de billets de banque.<\/div>\n<div style=\"text-align: center;\">\nL\u2019association \u00ab Terre de Musiques \u00bb se charge des petits-d\u00e9jeuners (2 \u20ac par petit-d\u00e9jeuner).<\/div>\n<div style=\"text-align: center;\">\n<\/div>\n<div style=\"text-align: center;\">\n<b><u>Train<\/u><\/b><\/div>\n<div style=\"text-align: center;\">\nLes stagiaires seront pris en charge et ramen\u00e9s \u00e0 la gare de Riom.<br \/>\nMerci de pr\u00e9ciser les horaires.<\/div>\n<div style=\"text-align: center;\">\n<\/div>\n<div style=\"text-align: center;\">\n<b><u>Contact<\/u><\/b><\/div>\n<div style=\"text-align: center;\">\nTerre de Musiques&nbsp;<\/div>\n<div style=\"text-align: center;\">\nChristian ROBERT&nbsp;<\/div>\n<div style=\"text-align: center;\">\n04 73 67 02 88 06 18 25 29 95<\/div>\n<div style=\"text-align: center;\">\nchrisrobert63@gmail.com<\/div>\n<div style=\"text-align: center;\">\n<\/div>\n<div style=\"text-align: center;\">\n<b>Contenu p\u00e9dagogique 1<\/b> nyckelharpa \u00ab d\u00e9couverte \u00bb de l&#8217;instrument le temps d&#8217;un week-end<\/div>\n<div style=\"text-align: center;\">\nDes instruments seront mis \u00e0 la disposition des stagiaires d\u00e9sirant s&#8217;essayer \u00e0 la nyckelharpa. Les places sont limit\u00e9es. Diverses possibilit\u00e9s de tenue de l&#8217;instrument, organisation des claviers, position de la main gauche, doigt\u00e9s de base, r\u00f4le et tenue de l&#8217;archet, coordination main droite main gauche.<\/div>\n<div style=\"text-align: center;\">\n<\/div>\n<div style=\"text-align: center;\">\n<b>Contenu p\u00e9dagogique 2<\/b> nyckelharpa d\u00e9butants et interm\u00e9diaires<\/div>\n<div style=\"text-align: center;\">\nD\u00e9placements sur le clavier, jeu sur plusieurs cordes, techniques d\u2019archet, r\u00e9pertoires.<\/div>\n<div style=\"text-align: center;\">\n<\/div>\n<div style=\"text-align: center;\">\n<b>Contenu p\u00e9dagogique 3<\/b> nyckelharpa confirm\u00e9s<\/div>\n<div style=\"text-align: center;\">\nD\u00e9placements sur le clavier, d\u00e9manch\u00e9s, travail sur le son, accords et double-cordes,<\/div>\n<div style=\"text-align: center;\">\nornementations, techniques d\u2019archet, accents et ornementations.<\/div>\n<div style=\"text-align: center;\">\n<\/div>\n<div style=\"text-align: center;\">\n<b>Contenu p\u00e9dagogique 4<\/b> musique d\u2019ensemble multi instruments<\/div>\n<div style=\"text-align: center;\">\nAtelier ouvert aux diff\u00e9rents types d\u2019instruments apr\u00e8s acceptation par l\u2019animatrice.<\/div>\n<div style=\"text-align: center;\">\nDes fichiers son et des partitions seront envoy\u00e9s un mois \u00e0 l\u2019avance pour permettre davantage un<\/div>\n<div style=\"text-align: center;\">\ntravail sur le style pendant le stage.<\/div>\n<div style=\"text-align: center;\">\n<\/div>\n<\/div>\n","protected":false},"excerpt":{"rendered":"<p class=\"text-justify\">Stage de nyckelharpa et de musique su\u00e9doise Samedi 3 et dimanche 4 octobre 2020 Organisation Association \u00ab Terre de Musiques \u00bb Lieu [&hellip;]<\/p>\n","protected":false},"author":1,"featured_media":0,"comment_status":"open","ping_status":"open","sticky":false,"template":"","format":"standard","meta":{"footnotes":""},"categories":[16],"tags":[],"class_list":["post-60","post","type-post","status-publish","format-standard","hentry","category-stage"],"_links":{"self":[{"href":"https:\/\/cmtn-scandinavie.fr\/index.php\/wp-json\/wp\/v2\/posts\/60","targetHints":{"allow":["GET"]}}],"collection":[{"href":"https:\/\/cmtn-scandinavie.fr\/index.php\/wp-json\/wp\/v2\/posts"}],"about":[{"href":"https:\/\/cmtn-scandinavie.fr\/index.php\/wp-json\/wp\/v2\/types\/post"}],"author":[{"embeddable":true,"href":"https:\/\/cmtn-scandinavie.fr\/index.php\/wp-json\/wp\/v2\/users\/1"}],"replies":[{"embeddable":true,"href":"https:\/\/cmtn-scandinavie.fr\/index.php\/wp-json\/wp\/v2\/comments?post=60"}],"version-history":[{"count":0,"href":"https:\/\/cmtn-scandinavie.fr\/index.php\/wp-json\/wp\/v2\/posts\/60\/revisions"}],"wp:attachment":[{"href":"https:\/\/cmtn-scandinavie.fr\/index.php\/wp-json\/wp\/v2\/media?parent=60"}],"wp:term":[{"taxonomy":"category","embeddable":true,"href":"https:\/\/cmtn-scandinavie.fr\/index.php\/wp-json\/wp\/v2\/categories?post=60"},{"taxonomy":"post_tag","embeddable":true,"href":"https:\/\/cmtn-scandinavie.fr\/index.php\/wp-json\/wp\/v2\/tags?post=60"}],"curies":[{"name":"wp","href":"https:\/\/api.w.org\/{rel}","templated":true}]}}