{"id":81,"date":"2019-08-26T07:04:00","date_gmt":"2019-08-26T05:04:00","guid":{"rendered":"https:\/\/cmtn-scandinavie.fr\/index.php\/2019\/08\/26\/stages-de-musiques-suedoises-avec-elisabet-brouillard\/"},"modified":"2019-08-26T07:04:00","modified_gmt":"2019-08-26T05:04:00","slug":"stages-de-musiques-suedoises-avec-elisabet-brouillard","status":"publish","type":"post","link":"https:\/\/cmtn-scandinavie.fr\/index.php\/2019\/08\/26\/stages-de-musiques-suedoises-avec-elisabet-brouillard\/","title":{"rendered":"Stages de musiques su\u00e9doises avec Elisabet Brouillard"},"content":{"rendered":"<h2 style=\"text-align: center;\">\n<b><u>STAGES DE MUSIQUES SU\u00c9DOISES<\/u><\/b><\/h2>\n<div style=\"text-align: center;\">\navec ELISABET BROUILLARD<\/div>\n<div style=\"text-align: center;\">\n<\/div>\n<div style=\"text-align: center;\">\n<a href=\"http:\/\/2.bp.blogspot.com\/-F2uqx_xxmUg\/XWN1N7npVvI\/AAAAAAAABik\/yk7GJUAoPQY5d3xV8qgnvqFYaqzJS5FRQCK4BGAYYCw\/s1600\/EB.jpg\"><img loading=\"lazy\" decoding=\"async\" border=\"0\" height=\"212\" src=\"https:\/\/2.bp.blogspot.com\/-F2uqx_xxmUg\/XWN1N7npVvI\/AAAAAAAABik\/yk7GJUAoPQY5d3xV8qgnvqFYaqzJS5FRQCK4BGAYYCw\/s320\/EB.jpg\" width=\"320\" \/><\/a><\/div>\n<div style=\"text-align: center;\">\n<i>Photo : Alain CAUNAC<\/i><\/div>\n<div style=\"text-align: center;\">\n<\/div>\n<div style=\"text-align: center;\">Il faudra attendre le 11 et 12 mars 2023 !<\/div>\n<div style=\"clear: both; text-align: center;\"><a href=\"https:\/\/blogger.googleusercontent.com\/img\/b\/R29vZ2xl\/AVvXsEhdn6IUgZahmxMLlJVwvR9EZOiMVpde81POmIUb4hHKqrp-AQiCp6Ce-mCtaDsKNJdqN2LuDpeOUMsg9trO3XgRWNH9ahXK4dn5Tc22IeGnq-W8SJTuWqFOUeKV8s2E51djUZr1wtj6aUSRcqS2CNnPg335p8J0_LTieoPOSdGbrmyEo5fkRYcbvaYzig\/s548\/Capture%20d%E2%80%99e%CC%81cran%202022-10-05%20a%CC%80%2023.26.21.png\" style=\"margin-left: 1em; margin-right: 1em;\"><img loading=\"lazy\" decoding=\"async\" border=\"0\" data-original-height=\"548\" data-original-width=\"393\" height=\"640\" src=\"https:\/\/blogger.googleusercontent.com\/img\/b\/R29vZ2xl\/AVvXsEhdn6IUgZahmxMLlJVwvR9EZOiMVpde81POmIUb4hHKqrp-AQiCp6Ce-mCtaDsKNJdqN2LuDpeOUMsg9trO3XgRWNH9ahXK4dn5Tc22IeGnq-W8SJTuWqFOUeKV8s2E51djUZr1wtj6aUSRcqS2CNnPg335p8J0_LTieoPOSdGbrmyEo5fkRYcbvaYzig\/w458-h640\/Capture%20d%E2%80%99e%CC%81cran%202022-10-05%20a%CC%80%2023.26.21.png\" width=\"458\" \/><\/a><\/div>\n<p><\/p>\n<div style=\"text-align: center;\"><\/div>\n<div style=\"text-align: center;\"><\/div>\n<div style=\"text-align: center;\">Ce stage est pass\u00e9 ! :<\/div>\n<div style=\"text-align: center;\"><\/div>\n<div style=\"text-align: center;\">\n<\/div>\n<div style=\"text-align: center;\">\n\u00e0 BR\u00c9TIGNY-SUR-ORGE (91220)<\/div>\n<div style=\"text-align: center;\">\n<\/div>\n<div style=\"text-align: center;\">\n30 novembre et 1er d\u00e9cembre 2019<\/div>\n<div style=\"text-align: center;\">\n21-22 mars 2020<\/div>\n<div style=\"text-align: center;\">\n<br \/>\nSamedi 15h-18h45<\/div>\n<div style=\"text-align: center;\">\nDimanche 10h-12h30 14h-16h30<\/div>\n<div style=\"text-align: center;\">\n<\/div>\n<div style=\"text-align: center;\">\n<\/div>\n<div style=\"text-align: center;\">\nMusicienne belgo-su\u00e9doise, Elisabet fait sonner son accord\u00e9on diatonique au sein de diff\u00e9rentes formations de musiques traditionnelles, folk, improvis\u00e9es (Vars\u00e5god, Izberg, les Oranges Givr\u00e9es).<\/div>\n<div style=\"text-align: center;\">\nElisabet a d\u00e9couvert l\u2019accord\u00e9on diatonique et l\u2019univers du trad avec Didier Laloy et Bruno Letron.<\/div>\n<div style=\"text-align: center;\">\nElle a beaucoup jou\u00e9 pour diverses sc\u00e8nes du caf\u00e9-th\u00e9\u00e2tre avant de revenir au folk par le biais de la Su\u00e8de, adaptant les m\u00e9lodies traditionnelles de ce pays \u00e0 l\u2019accord\u00e9on diatonique, de mani\u00e8re subtile et personnelle. Elle enseigne \u00e9galement le su\u00e9dois \u00e0 l\u2019universit\u00e9 de Mons.&nbsp;<\/div>\n<div style=\"text-align: center;\">\nElle forme le \u00ab Spelmanslag de l&#8217;Atelier de danses de Br\u00e9tigny-sur-Orge \u00bb depuis 2010.<\/div>\n<div style=\"text-align: center;\">\n<\/div>\n<div style=\"text-align: center;\">\n<\/div>\n<div style=\"text-align: center;\">\nR\u00c9PERTOIRE ABORD\u00c9<\/div>\n<div style=\"text-align: center;\">\n<\/div>\n<div style=\"text-align: center;\">\nMorceaux \u00e0 danser, repr\u00e9sentatifs des diff\u00e9rentes r\u00e9gions et divers styles, accessibles \u00e0 tous types<\/div>\n<div style=\"text-align: center;\">\nd\u2019instruments. La plupart des morceaux peuvent se jouer sur un diatonique deux rangs (Sol-Do).<\/div>\n<div style=\"text-align: center;\">\nLes m\u00e9lodies seront envoy\u00e9es aux stagiaires en septembre (fichiers mp3)<\/div>\n<div style=\"text-align: center;\">\n<\/div>\n<div style=\"text-align: center;\">\n<\/div>\n<div style=\"text-align: center;\">\nLIEU du stage :&nbsp;<\/div>\n<div style=\"text-align: center;\">\n<\/div>\n<div style=\"text-align: center;\">\nAmicale La\u00efque des \u00e9coles publiques de Br\u00e9tigny sur orge, 12 Bd de la R\u00e9publique,<\/div>\n<div style=\"text-align: center;\">\n91220 Br\u00e9tigny-sur-Orge (sous-sol de l\u2019\u00e9cole Jean-Jaur\u00e8s)<\/div>\n<div style=\"text-align: center;\">\n<\/div>\n<div style=\"text-align: center;\">\n<\/div>\n<div style=\"text-align: center;\">\nTARIFS :&nbsp;<\/div>\n<div style=\"text-align: center;\">\n<\/div>\n<div style=\"text-align: center;\">\n70\u20ac \/ 50 \u20ac (+ 15 \u20ac apr\u00e8s le 15\/11\/19) + 13 \u20ac (adh\u00e9sion obligatoire pour un seul stage), 18 \u20ac<\/div>\n<div style=\"text-align: center;\">\npour toutes les activit\u00e9s de l\u2019Amicale La\u00efque.<\/div>\n<div style=\"text-align: center;\">\n<\/div>\n<div style=\"text-align: center;\">\nBULLETIN d\u2019INSCRIPTION \u00e0 compl\u00e9ter et retourner imp\u00e9rativement \u00e0<\/div>\n<div style=\"text-align: center;\">\nG\u00e9rard EWENCZYK Stage Br\u00e9tigny &#8211; 100TER Avenue de Saint Mand\u00e9 75012 PARIS<\/div>\n<div style=\"text-align: center;\">\n<\/div>\n<div style=\"text-align: center;\"><\/div>\n<div style=\"text-align: center;\">\n<\/div>\n<div style=\"text-align: center;\">\n<\/div>\n<div style=\"text-align: center;\">\nRENSEIGNEMENTS :<\/div>\n<div style=\"text-align: center;\">\nG\u00e9rard par mail : gegenana2@yahoo.fr<\/div>\n<div style=\"text-align: center;\">\nSur le Site : http:\/\/www.baladetespieds.fr<\/div>\n<div style=\"text-align: center;\">\n<\/div>\n<div style=\"text-align: center;\">\n<\/div>\n","protected":false},"excerpt":{"rendered":"<p class=\"text-justify\">STAGES DE MUSIQUES SU\u00c9DOISES avec ELISABET BROUILLARD Photo : Alain CAUNAC Il faudra attendre le 11 et 12 mars 2023 ! Ce [&hellip;]<\/p>\n","protected":false},"author":1,"featured_media":0,"comment_status":"open","ping_status":"open","sticky":false,"template":"","format":"standard","meta":{"footnotes":""},"categories":[7,11],"tags":[],"class_list":["post-81","post","type-post","status-publish","format-standard","hentry","category-evenements","category-suede"],"_links":{"self":[{"href":"https:\/\/cmtn-scandinavie.fr\/index.php\/wp-json\/wp\/v2\/posts\/81","targetHints":{"allow":["GET"]}}],"collection":[{"href":"https:\/\/cmtn-scandinavie.fr\/index.php\/wp-json\/wp\/v2\/posts"}],"about":[{"href":"https:\/\/cmtn-scandinavie.fr\/index.php\/wp-json\/wp\/v2\/types\/post"}],"author":[{"embeddable":true,"href":"https:\/\/cmtn-scandinavie.fr\/index.php\/wp-json\/wp\/v2\/users\/1"}],"replies":[{"embeddable":true,"href":"https:\/\/cmtn-scandinavie.fr\/index.php\/wp-json\/wp\/v2\/comments?post=81"}],"version-history":[{"count":0,"href":"https:\/\/cmtn-scandinavie.fr\/index.php\/wp-json\/wp\/v2\/posts\/81\/revisions"}],"wp:attachment":[{"href":"https:\/\/cmtn-scandinavie.fr\/index.php\/wp-json\/wp\/v2\/media?parent=81"}],"wp:term":[{"taxonomy":"category","embeddable":true,"href":"https:\/\/cmtn-scandinavie.fr\/index.php\/wp-json\/wp\/v2\/categories?post=81"},{"taxonomy":"post_tag","embeddable":true,"href":"https:\/\/cmtn-scandinavie.fr\/index.php\/wp-json\/wp\/v2\/tags?post=81"}],"curies":[{"name":"wp","href":"https:\/\/api.w.org\/{rel}","templated":true}]}}