{"id":82,"date":"2019-08-15T21:51:00","date_gmt":"2019-08-15T19:51:00","guid":{"rendered":"https:\/\/cmtn-scandinavie.fr\/index.php\/2019\/08\/15\/stage-et-concert-de-kongero-le-30-08-a-21-h-au-chapiteau-a-quai-a-st-vaast\/"},"modified":"2019-08-15T21:51:00","modified_gmt":"2019-08-15T19:51:00","slug":"stage-et-concert-de-kongero-le-30-08-a-21-h-au-chapiteau-a-quai-a-st-vaast","status":"publish","type":"post","link":"https:\/\/cmtn-scandinavie.fr\/index.php\/2019\/08\/15\/stage-et-concert-de-kongero-le-30-08-a-21-h-au-chapiteau-a-quai-a-st-vaast\/","title":{"rendered":"Stage et concert de Kongero le 30\/08 \u00e0 21 h au chapiteau \u00e0 quai, \u00e0 St Vaast."},"content":{"rendered":"<p><span style=\"font-size: large;\">&nbsp; &nbsp; Stage de chant su\u00e9dois et concert de KONGERO le 30 ao\u00fbt 2019<\/span><br \/>\n<span style=\"font-size: large;\">&nbsp; &nbsp; &nbsp; &nbsp; &nbsp; &nbsp; &nbsp; &nbsp; &nbsp; &nbsp; &nbsp; &nbsp; &nbsp; &nbsp; &nbsp; au chapiteau \u00e0 St Vaast La Hougue (Manche)<\/span><br \/>\n<span style=\"font-size: large;\"><br \/><\/span><br \/>\n<\/p>\n<div style=\"clear: both; text-align: center;\">\n<a href=\"https:\/\/1.bp.blogspot.com\/-8QRqdxE8JNw\/XVWeUsYJm0I\/AAAAAAAACBs\/WAvTEwT9qrsxSUAeVZDhE-iPzASHeOWpwCLcBGAs\/s1600\/Capture%2Bd%25E2%2580%2599e%25CC%2581cran%2B2019-08-15%2Ba%25CC%2580%2B19.53.24.png\" style=\"margin-left: 1em; margin-right: 1em;\"><img loading=\"lazy\" decoding=\"async\" border=\"0\" data-original-height=\"232\" data-original-width=\"379\" height=\"243\" src=\"https:\/\/1.bp.blogspot.com\/-8QRqdxE8JNw\/XVWeUsYJm0I\/AAAAAAAACBs\/WAvTEwT9qrsxSUAeVZDhE-iPzASHeOWpwCLcBGAs\/s400\/Capture%2Bd%25E2%2580%2599e%25CC%2581cran%2B2019-08-15%2Ba%25CC%2580%2B19.53.24.png\" width=\"400\" \/><\/a><\/div>\n<p><span style=\"font-size: large;\">Elle dirigeait le stage de chant \u00e0 Pierre Fontaine l&#8217;hiver dernier ,elle sera aux travers\u00e9es Tratihou ,c&#8217;est Lotta Anderson !<\/span><br \/>\n<span style=\"font-size: large;\"><span face=\"&quot;roboto&quot; , sans-serif\" style=\"background-color: #f8f8f8; color: #333333;\">Venez vivre un atelier avec les quatre membres du groupe<\/span><span face=\"&quot;roboto&quot; , sans-serif\" style=\"background-color: #f8f8f8;\"><span style=\"color: blue;\"> KONGERO<\/span><\/span><span face=\"&quot;asap&quot; , sans-serif\" style=\"background-color: white; color: #353c52; letter-spacing: -0.09999999403953552px; white-space: pre-wrap;\">(<a href=\"https:\/\/asso-cmtn.blogspot.com\/2018\/06\/chant-suedois-lotta-andersson.html\" target=\"_blank\" rel=\"noopener\">Lotta Andersson<\/a>, Emma Bj\u00f6rling, Anna Wikenius, Lovisa Liljeberg)<\/span><span face=\"&quot;roboto&quot; , sans-serif\" style=\"background-color: #f8f8f8; color: #333333;\">&nbsp;pour une exp\u00e9rience de A \u00e0 Z et d\u00e9couvrez une \u00e0 deux chansons typiquement Scandinaves. Vous travaillerez les harmonies et les m\u00e9lodies, vous vous adonnerez \u00e0 quelques exercices de rythmes, et travaillerez les intonations et la prononciation. \u00cates-vous pr\u00eat \u00e0 d\u00e9couvrir le folklore a cappella Su\u00e9dois ? Beaucoup de plaisir garanti !<\/span><\/span><br \/><span style=\"font-size: large;\"><span face=\"&quot;roboto&quot; , sans-serif\" style=\"background-color: #f8f8f8; color: #333333;\"><a href=\"https:\/\/www.manche.fr\/culture\/fiche-artiste-traversees-tatihou.aspx?card=17096540\" class=\"broken_link\">le site<\/a><\/span><\/span><\/p>\n<div><span style=\"color: #333333; font-size: large;\"><span style=\"background-color: #f8f8f8; caret-color: rgb(51, 51, 51);\"><br \/><\/span><\/span><\/div>\n<div><span style=\"color: #333333; font-size: large;\"><span style=\"background-color: #f8f8f8; caret-color: rgb(51, 51, 51);\"><b>Nouveau<\/b>:il y aura un stage de chant Kongero sur le <a href=\"https:\/\/www.facebook.com\/events\/965847707155476\" target=\"_blank\" rel=\"noopener\" class=\"broken_link\">net<\/a>&nbsp;le 17 avril&nbsp;<\/span><\/span><\/div>\n<div><span style=\"background-color: #f8f8f8; caret-color: rgb(51, 51, 51); color: #333333; font-size: x-large;\">2021 \u00e0 19h<\/span><\/div>\n<div><span style=\"background-color: #f8f8f8; caret-color: rgb(51, 51, 51); color: #333333; font-size: x-large;\"><br \/><\/span><\/div>\n<div><\/div>\n<div>\n<div style=\"clear: both; font-family: &quot;Helvetica Neue Light&quot;, HelveticaNeue-Light, &quot;Helvetica Neue&quot;, Helvetica, Arial, sans-serif; font-size: 14px; margin: 0px; outline: none; padding: 0px; text-align: center;\"><span style=\"font-size: large;\">Mercredi 14 avril il y a eu un concert avec&nbsp;<a href=\"https:\/\/www.facebook.com\/events\/4074758775888732\" style=\"color: #c27ba0; display: inline; outline: none; text-decoration: none; transition: color 0.3s;\" target=\"_blank\" rel=\"noopener\" class=\"broken_link\">Kongero<\/a>&nbsp;que vous pouvez toujours regarder.<\/span><\/div>\n<div style=\"clear: both; font-family: &quot;Helvetica Neue Light&quot;, HelveticaNeue-Light, &quot;Helvetica Neue&quot;, Helvetica, Arial, sans-serif; font-size: 14px; margin: 0px; outline: none; padding: 0px; text-align: center;\">\n<div style=\"clear: both; margin: 0px; outline: none; padding: 0px;\"><a href=\"https:\/\/1.bp.blogspot.com\/-QXXtsTlCWAY\/YHbbWKhqznI\/AAAAAAAACec\/zhxRPq7TJrAOvLTICo7GOiK0j5lCmWR1QCLcBGAsYHQ\/s653\/Capture%2Bd%25E2%2580%2599e%25CC%2581cran%2B2021-04-14%2Ba%25CC%2580%2B14.05.21.png\" style=\"color: #c27ba0; display: inline; margin-left: 1em; margin-right: 1em; outline: none; text-decoration: none; transition: color 0.3s;\"><img loading=\"lazy\" decoding=\"async\" border=\"0\" data-original-height=\"342\" data-original-width=\"653\" height=\"210\" src=\"https:\/\/1.bp.blogspot.com\/-QXXtsTlCWAY\/YHbbWKhqznI\/AAAAAAAACec\/zhxRPq7TJrAOvLTICo7GOiK0j5lCmWR1QCLcBGAsYHQ\/w400-h210\/Capture%2Bd%25E2%2580%2599e%25CC%2581cran%2B2021-04-14%2Ba%25CC%2580%2B14.05.21.png\" style=\"-webkit-border-image: url(&quot;data:image\/png;base64,iVBORw0KGgoAAAANSUhEUgAAABQAAAAUCAMAAAC6V+0\/AAAAOVBMVEUAAAAAAAAAAAAAAAAAAAAAAAAAAAAAAAAAAAAAAAAAAAAAAAAAAAAAAAAAAAAAAAAAAAAAAAD\/\/\/+8yHYvAAAAEnRSTlMAAgEDBAUJBwYzCw0UChARDghnBteEAAAAhElEQVR4XnWRSxJDIQgEEx1Axd\/L\/Q8bKCuuyOzsohHxdZLS25LSOV2ULQdflgEiIDu9KqiIFILXXpeEx2ChXwdnKNxUGxc4dZbNfXjPufkp5H0Nwtymq\/dltUIweNy9qmXt08EgydDZ6+dT+9Qh9AeGenhROFI0fPjMaCHx6uIlh9\/xBSJuB3l0A\/6JAAAAAElFTkSuQmCC&quot;) 9 fill \/ 9px stretch; border-image-repeat: stretch; border-image-slice: 9; border-image-source: url(&quot;data:image\/png;base64,iVBORw0KGgoAAAANSUhEUgAAABQAAAAUCAMAAAC6V+0\/AAAAOVBMVEUAAAAAAAAAAAAAAAAAAAAAAAAAAAAAAAAAAAAAAAAAAAAAAAAAAAAAAAAAAAAAAAAAAAAAAAD\/\/\/+8yHYvAAAAEnRSTlMAAgEDBAUJBwYzCw0UChARDghnBteEAAAAhElEQVR4XnWRSxJDIQgEEx1Axd\/L\/Q8bKCuuyOzsohHxdZLS25LSOV2ULQdflgEiIDu9KqiIFILXXpeEx2ChXwdnKNxUGxc4dZbNfXjPufkp5H0Nwtymq\/dltUIweNy9qmXt08EgydDZ6+dT+9Qh9AeGenhROFI0fPjMaCHx6uIlh9\/xBSJuB3l0A\/6JAAAAAElFTkSuQmCC&quot;); border-image-width: 9px; border: 9px none; box-sizing: border-box; display: inline-block; height: auto; margin: 10px auto; max-width: 100%; padding: 8px; position: relative;\" width=\"400\" \/><\/a><\/div>\n<\/div>\n<\/div>\n","protected":false},"excerpt":{"rendered":"<p class=\"text-justify\">&nbsp; &nbsp; Stage de chant su\u00e9dois et concert de KONGERO le 30 ao\u00fbt 2019 &nbsp; &nbsp; &nbsp; &nbsp; &nbsp; &nbsp; &nbsp; &nbsp; [&hellip;]<\/p>\n","protected":false},"author":1,"featured_media":0,"comment_status":"open","ping_status":"open","sticky":false,"template":"","format":"standard","meta":{"footnotes":""},"categories":[11],"tags":[],"class_list":["post-82","post","type-post","status-publish","format-standard","hentry","category-suede"],"_links":{"self":[{"href":"https:\/\/cmtn-scandinavie.fr\/index.php\/wp-json\/wp\/v2\/posts\/82","targetHints":{"allow":["GET"]}}],"collection":[{"href":"https:\/\/cmtn-scandinavie.fr\/index.php\/wp-json\/wp\/v2\/posts"}],"about":[{"href":"https:\/\/cmtn-scandinavie.fr\/index.php\/wp-json\/wp\/v2\/types\/post"}],"author":[{"embeddable":true,"href":"https:\/\/cmtn-scandinavie.fr\/index.php\/wp-json\/wp\/v2\/users\/1"}],"replies":[{"embeddable":true,"href":"https:\/\/cmtn-scandinavie.fr\/index.php\/wp-json\/wp\/v2\/comments?post=82"}],"version-history":[{"count":0,"href":"https:\/\/cmtn-scandinavie.fr\/index.php\/wp-json\/wp\/v2\/posts\/82\/revisions"}],"wp:attachment":[{"href":"https:\/\/cmtn-scandinavie.fr\/index.php\/wp-json\/wp\/v2\/media?parent=82"}],"wp:term":[{"taxonomy":"category","embeddable":true,"href":"https:\/\/cmtn-scandinavie.fr\/index.php\/wp-json\/wp\/v2\/categories?post=82"},{"taxonomy":"post_tag","embeddable":true,"href":"https:\/\/cmtn-scandinavie.fr\/index.php\/wp-json\/wp\/v2\/tags?post=82"}],"curies":[{"name":"wp","href":"https:\/\/api.w.org\/{rel}","templated":true}]}}