{"id":98,"date":"2018-06-25T20:49:00","date_gmt":"2018-06-25T18:49:00","guid":{"rendered":"https:\/\/cmtn-scandinavie.fr\/index.php\/2018\/06\/25\/nyckelharpa-caroline-eriksson\/"},"modified":"2025-09-09T22:25:51","modified_gmt":"2025-09-09T20:25:51","slug":"nyckelharpa-caroline-eriksson","status":"publish","type":"post","link":"https:\/\/cmtn-scandinavie.fr\/index.php\/2018\/06\/25\/nyckelharpa-caroline-eriksson\/","title":{"rendered":"Nyckelharpa : Caroline Eriksson"},"content":{"rendered":"<p><\/p>\n<div style=\"clear: both; text-align: center;\">\n<a href=\"https:\/\/2.bp.blogspot.com\/-bIonOEfEOrM\/Wy-hxJonLYI\/AAAAAAAAPMs\/utsWG8tZ2OAIJG9XpEd1Y388TdGe08Z5gCLcBGAs\/s1600\/Caroline%2BEriksson.jpg\" style=\"margin-left: 1em; margin-right: 1em;\"><img loading=\"lazy\" decoding=\"async\" border=\"0\" data-original-height=\"590\" data-original-width=\"394\" height=\"320\" src=\"https:\/\/2.bp.blogspot.com\/-bIonOEfEOrM\/Wy-hxJonLYI\/AAAAAAAAPMs\/utsWG8tZ2OAIJG9XpEd1Y388TdGe08Z5gCLcBGAs\/s320\/Caroline%2BEriksson.jpg\" width=\"213\" \/><\/a><\/div>\n<p>\nJoueuse de <a href=\"https:\/\/asso-cmtn.blogspot.com\/2016\/02\/instrument-la-nyckelharpa.html\" target=\"_blank\" rel=\"noopener\">nyckelharpa<\/a> et violoniste, Caroline Erikson vient de Trosa. Artiste enseignante en musique, elle est dipl\u00f4m\u00e9e de l&#8217;\u00c9cole Royale Sup\u00e9rieure de Stockholm. Elle dispose d\u2019un r\u00e9pertoire large et vari\u00e9 et est sp\u00e9cialis\u00e9e dans ceux du S\u00f6dermanland, du Dalarna et de l\u2019Uppland. Sensible \u00e0 la sant\u00e9 du musicien, elle enseigne \u00e9galement des \u00e9chauffements et des exercices permettant aux joueurs de pratiquer sans se blesser. Caroline joue souvent avec sa s\u0153ur jumelle <a href=\"https:\/\/asso-cmtn.blogspot.com\/2018\/06\/violon-suedois-madliene-eriksson.html\" target=\"_blank\" rel=\"noopener\">Madliene Ahlstr\u00f6m Eriksson <\/a>et est membre de plusieurs groupes comme Tradpunkt.<br \/>\n<b><br \/><\/b><br \/>\n<\/p>\n<div style=\"text-align: center;\">\n<b>Pendant le 20\u00e8me stage du CMTN en 2018 :<\/b><\/div>\n<div style=\"text-align: center;\">\nElle anime les ateliers de Nyckelharpa.<\/div>\n<p>Sue cette vid\u00e9o, elle joue de la <a href=\"https:\/\/asso-cmtn.blogspot.com\/2016\/02\/instrument-la-nyckelharpa.html\" target=\"_blank\" rel=\"noopener\">nyckelharpa <\/a>avec une pianiste et chanteuse :<br \/>\n<iframe loading=\"lazy\" allow=\"autoplay; encrypted-media\" allowfullscreen=\"\" frameborder=\"0\" height=\"315\" src=\"https:\/\/www.youtube.com\/embed\/YggavCXbOQE?rel=0&amp;start=178\" width=\"560\"><\/iframe><\/p>\n<p>\nIci elle joue du violon dans son duo Tradpunkt :<br \/>\n<iframe loading=\"lazy\" allow=\"autoplay; encrypted-media\" allowfullscreen=\"\" frameborder=\"0\" height=\"315\" src=\"https:\/\/www.youtube.com\/embed\/1ewNbIZ2CqA?rel=0\" width=\"560\"><\/iframe><\/p>\n<p>Elle vient de Trosa :<\/p>\n<p>\n<iframe loading=\"lazy\" allowfullscreen=\"\" frameborder=\"0\" height=\"450\" src=\"https:\/\/www.google.com\/maps\/embed?pb=!1m18!1m12!1m3!1d2985432.790142472!2d13.553814276510389!3d58.88878610918703!2m3!1f0!2f0!3f0!3m2!1i1024!2i768!4f13.1!3m3!1m2!1s0x4658b355a16b4b6d%3A0xb5c22e94a0f9fe59!2zVHJvc2EsIFN1w6hkZQ!5e0!3m2!1sfr!2sfr!4v1529956395496\" style=\"border: 0;\" width=\"600\"><\/iframe><\/p>\n","protected":false},"excerpt":{"rendered":"<p class=\"text-justify\">Joueuse de nyckelharpa et violoniste, Caroline Erikson vient de Trosa. Artiste enseignante en musique, elle est dipl\u00f4m\u00e9e de l&#8217;\u00c9cole Royale Sup\u00e9rieure de [&hellip;]<\/p>\n","protected":false},"author":1,"featured_media":1756,"comment_status":"open","ping_status":"open","sticky":false,"template":"","format":"standard","meta":{"footnotes":""},"categories":[8,11],"tags":[],"class_list":["post-98","post","type-post","status-publish","format-standard","has-post-thumbnail","hentry","category-musiciens-nordiques","category-suede"],"_links":{"self":[{"href":"https:\/\/cmtn-scandinavie.fr\/index.php\/wp-json\/wp\/v2\/posts\/98","targetHints":{"allow":["GET"]}}],"collection":[{"href":"https:\/\/cmtn-scandinavie.fr\/index.php\/wp-json\/wp\/v2\/posts"}],"about":[{"href":"https:\/\/cmtn-scandinavie.fr\/index.php\/wp-json\/wp\/v2\/types\/post"}],"author":[{"embeddable":true,"href":"https:\/\/cmtn-scandinavie.fr\/index.php\/wp-json\/wp\/v2\/users\/1"}],"replies":[{"embeddable":true,"href":"https:\/\/cmtn-scandinavie.fr\/index.php\/wp-json\/wp\/v2\/comments?post=98"}],"version-history":[{"count":1,"href":"https:\/\/cmtn-scandinavie.fr\/index.php\/wp-json\/wp\/v2\/posts\/98\/revisions"}],"predecessor-version":[{"id":1757,"href":"https:\/\/cmtn-scandinavie.fr\/index.php\/wp-json\/wp\/v2\/posts\/98\/revisions\/1757"}],"wp:featuredmedia":[{"embeddable":true,"href":"https:\/\/cmtn-scandinavie.fr\/index.php\/wp-json\/wp\/v2\/media\/1756"}],"wp:attachment":[{"href":"https:\/\/cmtn-scandinavie.fr\/index.php\/wp-json\/wp\/v2\/media?parent=98"}],"wp:term":[{"taxonomy":"category","embeddable":true,"href":"https:\/\/cmtn-scandinavie.fr\/index.php\/wp-json\/wp\/v2\/categories?post=98"},{"taxonomy":"post_tag","embeddable":true,"href":"https:\/\/cmtn-scandinavie.fr\/index.php\/wp-json\/wp\/v2\/tags?post=98"}],"curies":[{"name":"wp","href":"https:\/\/api.w.org\/{rel}","templated":true}]}}